{"id":118,"date":"2017-07-09T23:11:49","date_gmt":"2017-07-09T21:11:49","guid":{"rendered":"http:\/\/orcq.be\/histoire\/?p=118"},"modified":"2020-12-28T15:23:09","modified_gmt":"2020-12-28T14:23:09","slug":"orcq-marliere-lors-sieges-de-tournai-de-1581-a-1745","status":"publish","type":"post","link":"https:\/\/orcq.be\/histoire\/2017\/07\/09\/orcq-marliere-lors-sieges-de-tournai-de-1581-a-1745\/","title":{"rendered":"Orcq et la Marli\u00e8re lors des si\u00e8ges de Tournai de 1581 \u00e0 1745"},"content":{"rendered":"<p style=\"text-align: justify\"><strong>1. Orcq et la Marli\u00e8re lors du si\u00e8ge de 1581<\/strong><\/p>\n<p style=\"text-align: justify\">Apr\u00e8s le si\u00e8ge de 1513 Tournai ne restera anglaise que 5 ans et en 1518 Henri VIII vend la ville pour 400000 \u00e9cus \u00e0 Fran\u00e7ois Ier. En 1521 la ville sera assi\u00e9g\u00e9e et conquise par les arm\u00e9es de Charles Quint ; les remparts sont foudroy\u00e9s \u00e0 partir de l\u2019artillerie imp\u00e9riale plac\u00e9e devant le bois d\u2019Orcq[1]. En 1549 Charles Quint et son fils Philippe II font leur entr\u00e9e solennelle \u00e0 Tournai en venant de Lille. Mais nous ne trouvons \u00e0 l\u2019occasion de ces deux \u00e9v\u00e9nements aucune indication permettant de dire que Orcq et la Marli\u00e8re aient \u00e9t\u00e9 occup\u00e9s par des personnages illustres.<\/p>\n<p style=\"text-align: justify\">Tournai est donc devenue espagnole et beaucoup de ses habitants se tournent vers la religion r\u00e9form\u00e9e. L\u2019ann\u00e9e 1566 a \u00e9t\u00e9 intense en incidents dramatiques. A Orcq, \u00e0 la Marmite, Ambroise Wille organise de grands pr\u00eaches auxquels participent des foules consid\u00e9rables. A Tournai le 24 ao\u00fbt de la m\u00eame ann\u00e9e on assiste au \u00ab grand saccagement \u00bb[2] lors duquel on br\u00fblera les archives de la cath\u00e9drale. Entre-temps Tournai est gouvern\u00e9e par le Prince d\u2019Epinoy favorable aux h\u00e9r\u00e9tiques et en 1581 l\u2019arm\u00e9e espagnole sous le commandement d\u2019Alexandre Farn\u00e8se, Prince de Parme, met le si\u00e8ge devant Tournai. La ville sera dirig\u00e9e, en l\u2019absence du Prince d\u2019Epinoy par sa valeureuse \u00e9pouse Christine de Lalaing.<\/p>\n<p style=\"text-align: justify\">Le Prince de Parme investit Tournai le 4 octobre et prit son quartier et logea \u00e0 Orcq au \u00ab ch\u00e2teau d\u2019Urtebize \u00bb[3] et selon un autre auteur au \u00ab ch\u00e2teau d\u2019Hurtebize au val d\u2019Orcq \u00bb \u00e9galement le 4 octobre[4].<\/p>\n<p style=\"text-align: justify\">Il semble bien qu\u2019Hurtebize et Marli\u00e8re se confondent, en effet un plan du camp espagnol en 1581 (voir plan ci-dessous) montre que le Prince de Parme logeait \u00e0 la Marli\u00e8re et au XVIIe si\u00e8cle Nicolas Fran\u00e7ois Desmartin, seigneur de la Marli\u00e8re \u00e0 partir de 1678, \u00e9tait aussi seigneur d\u2019Hurtebize. Mais Nicolas Fran\u00e7ois Desmartin \u00e9tait d\u00e9j\u00e0 seigneur d\u2019Hurtebize avant de devenir seigneur de la Marli\u00e8re. Il est donc probable qu\u2019on ait appel\u00e9 le ch\u00e2teau de la Marli\u00e8re ch\u00e2teau d\u2019Hurtebize apr\u00e8s que Nicolas Desmartin l\u2019ait acquis et que post\u00e9rieurement des historiens tels que Flamme, mais aussi Chotin aient employ\u00e9 cette d\u00e9nomination \u00e0 l\u2019occasion d\u2019\u00e9v\u00e9nements ant\u00e9rieurs \u00e0 1678.<\/p>\n<div id=\"attachment_119\" style=\"width: 510px\" class=\"wp-caption aligncenter\"><img loading=\"lazy\" decoding=\"async\" aria-describedby=\"caption-attachment-119\" class=\"wp-image-119 size-full\" src=\"http:\/\/orcq.be\/histoire\/wp-content\/uploads\/sites\/2\/2017\/07\/Description-du-si\u00e8ge-de-la-ville-de-Tournay.jpg\" alt=\"Description du si\u00e8ge de la ville de Tournay\" width=\"500\" height=\"220\" srcset=\"https:\/\/orcq.be\/histoire\/wp-content\/uploads\/sites\/2\/2017\/07\/Description-du-si\u00e8ge-de-la-ville-de-Tournay.jpg 500w, https:\/\/orcq.be\/histoire\/wp-content\/uploads\/sites\/2\/2017\/07\/Description-du-si\u00e8ge-de-la-ville-de-Tournay-300x132.jpg 300w\" sizes=\"auto, (max-width: 500px) 100vw, 500px\" \/><p id=\"caption-attachment-119\" class=\"wp-caption-text\">\u00ab Description du si\u00e8ge de la ville de Tournay \u00bb (plan partiel) par Pierre Lepoivre 1582 Biblioth\u00e8que royale Albert Ier \u00e0 Bruxelles<\/p><\/div>\n<p style=\"text-align: justify\">Le plan ci dessus montre l\u2019\u00e9glise d\u2019Orcq dont l\u2019axe principal est perpendiculaire \u00e0 la rue de l\u2019Eglise. L\u2019\u00e9glise actuelle construite en 1782 est parall\u00e8le \u00e0 cette rue et nous avions d\u00e9j\u00e0 \u00e0 la lumi\u00e8re de plans anciens comme de Ferraris et autres, pu \u00e9tablir que la nouvelle \u00e9glise avait \u00e9t\u00e9 reconstruite perpendiculairement \u00e0 l\u2019ancienne[5]<\/p>\n<p style=\"text-align: justify\">Par rapport \u00e0 l\u2019\u00e9glise, le camp de Farn\u00e8se et ses tentes se trouvent bien au c\u0153ur de l\u2019ancienne seigneurie.<\/p>\n<p style=\"text-align: justify\">Le lecteur qui essaierait de comprendre la carte sera \u00e9tonn\u00e9 de constater que deux ruisseaux convergent vers le point C. Le rieu d\u2019Orcq actuel correspond \u00e0 la branche BC, quant \u00e0 la branche AC elle existait encore au XIXe si\u00e8cle, mais a \u00e9t\u00e9 enti\u00e8rement canalis\u00e9e.<\/p>\n<p style=\"text-align: justify\">La carte pr\u00e9sente aussi la chauss\u00e9e de Lille avec un parcours beaucoup plus sinueux qu\u2019actuellement sans qu\u2019on sache si c\u2019\u00e9tait vraiment le cas ou la r\u00e9sultante d\u2019une importante approximation.<\/p>\n<p style=\"text-align: justify\">Ce plan est \u00e0 notre connaissance la plus ancienne repr\u00e9sentation du village d\u2019Orcq.<\/p>\n<p style=\"text-align: justify\"><strong>2. Le si\u00e8ge de 1667<\/strong><\/p>\n<p style=\"text-align: justify\">On rappellera que la prise de Tournai en juin 1667 par Louis XIV est un \u00e9pisode de la guerre de d\u00e9volution (1667-1668)<\/p>\n<p style=\"text-align: justify\">La d\u00e9volution est une ancienne coutume braban\u00e7onne d\u2019apr\u00e8s laquelle les enfants d\u2019un premier mariage sont les seuls \u00e0 h\u00e9riter de leurs parents. Selon cette coutume Louis XIV a \u00e9mis des pr\u00e9tentions sur plusieurs provinces de la monarchie espagnole apr\u00e8s le d\u00e9c\u00e8s du roi d\u2019Espagne Philippe IV. Marie Th\u00e9r\u00e8se d\u2019Autriche \u00e9pouse de Louis XIV \u00e9tait la fille a\u00een\u00e9e que Charles IV avait eue d\u2019un premier mariage. Selon son contrat de mariage, Marie Th\u00e9r\u00e8se n\u2019avait en principe aucun droit \u00e0 cette succession, mais la dot pr\u00e9vue en contrepartie n\u2019avait jamais \u00e9t\u00e9 vers\u00e9e \u00e0 Louis XIV.<\/p>\n<p style=\"text-align: justify\">Dans le cadre de cette guerre, le 2 juin 1667, Louis XIV avait pris Charleroi et le 16, Ath. \u00ab Sa Majest\u00e9 campa \u00e0 la Capelle pr\u00e8s de Ligne le 20 juin \u00bb[6]. Par la Capelle il faut en fait entendre les villages actuels de Chapelle-\u00e0-Oies et Chapelle-\u00e0-Wattines[7].<\/p>\n<p style=\"text-align: justify\">Le 21 juin Louis XIV se rendit vers les 7 heures du matin devant Tournai et le soir il traversa l\u2019Escaut sur un pont form\u00e9 de bateaux assembl\u00e9s et fit disposer toute son arm\u00e9e pour le bivouac o\u00f9 il passa la nuit avec Monsieur. Le 22 la tranch\u00e9e est ouverte et le roi passe la nuit au bivouac ainsi que le 23.<\/p>\n<p style=\"text-align: justify\">Dalicourt ne donne pas d\u2019information plus pr\u00e9cise. Par contre, Desmons se basant sur un manuscrit du comte de Vuoerden[8] que je n\u2019ai pu retrouver dit que le 21 Louis XIV se posta \u00e0 Orcq. Par contre, une autre source dit que le roi prit son quartier la m\u00eame date, mais \u00e0 Froyennes.[9]<\/p>\n<p style=\"text-align: justify\">Enfin, la seule histoire d\u2019Orcq \u00e9crite \u00e0 ce jour, \u00e0 notre connaissance, pr\u00e9cise que le soir du 21 juin Louis XIV a log\u00e9 \u00e0 la Marli\u00e8re sans donner les sources de cette information[10].<\/p>\n<p style=\"text-align: justify\"><strong>3. Le si\u00e8ge de 1709<\/strong><\/p>\n<p style=\"text-align: justify\">Dans le cadre de la guerre de succession d\u2019Espagne, les alli\u00e9s command\u00e9s par le prince Eug\u00e8ne de Savoie et le duc de Marlborough, enl\u00e8vent Tournai qui \u00e9tait aux mains des Fran\u00e7ais, le 28 juin 1709, et sa citadelle le 3 septembre. Sans en avoir la preuve absolue, on peut raisonnablement penser que le comte saxon Auguste Christoph von Wackerbarth (1662-1734), lieutenant g\u00e9n\u00e9ral de l\u2019arm\u00e9e alli\u00e9e, a log\u00e9 \u00e0 la Marli\u00e8re \u00e0 cette occasion. Il fut charg\u00e9 du commandement de l\u2019aile droite des forces du comte de Schulembourg et la tranch\u00e9e d\u2019attaque se trouvait pr\u00e8s du ch\u00e2teau.[11]<\/p>\n<p style=\"text-align: justify\"><strong>4. Le si\u00e8ge de 1745<\/strong><\/p>\n<p style=\"text-align: justify\">Le si\u00e8ge de Tournai et la prise de la citadelle ainsi que la bataille de Fontenoy sont des \u00e9pisodes de la guerre de succession d\u2019Autriche, dont le but essentiel \u00e9tait d\u2019affaiblir cette trop puissante nation.<\/p>\n<p style=\"text-align: justify\">Le 25 avril 1745, l\u2019arm\u00e9e fran\u00e7aise, \u00e0 la faveur d\u2019un \u00e9pais brouillard arrive aux portes de Tournai. La ville se rend le 20 mai et la garnison se retranche dans la citadelle pour se rendre un mois plus tard le 20 juin. Le 11 mai a lieu la bataille de Fontenoy qui voit la victoire des Fran\u00e7ais sur les alli\u00e9s autrichiens, hollandais et anglais.<\/p>\n<p style=\"text-align: justify\">A l\u2019occasion de ces op\u00e9rations, Orcq et son ch\u00e2teau seront encore une fois mis \u00e0 contribution.<\/p>\n<p style=\"text-align: justify\">Le 27 avril l\u2019artillerie fran\u00e7aise arrive et place son parc \u00e0 Orcq et le 28, c\u2019est le corps d\u2019ing\u00e9nieurs qui arrive aussi \u00e0 Orcq[12]. Il y a deux ans nous avions trouv\u00e9 l\u2019acte d\u2019inhumation \u00e0 Orcq d\u2019Henri du Brocard commandant en chef de l\u2019artillerie de l\u2019arm\u00e9e du roi tu\u00e9 \u00e0 Fontenoy, sans comprendre pourquoi on l\u2019avait inhum\u00e9 si loin du champ de bataille. A la lumi\u00e8re des informations pr\u00e9c\u00e9dentes on peut supposer que du Brocard avait ses quartiers \u00e0 Orcq et qu\u2019apr\u00e8s son d\u00e9c\u00e8s on l\u2019ait ramen\u00e9 de Fontenoy vers Orcq pour y \u00eatre inhum\u00e9.<\/p>\n<p style=\"text-align: justify\">Henri Baraillon du Brocard n\u00e9 vers 1672 a particip\u00e9 \u00e0 de nombreux si\u00e8ges et batailles. Il a \u00e9t\u00e9 cr\u00e9\u00e9 mar\u00e9chal de camp le 20 f\u00e9vrier 1743. Il a dirig\u00e9 les attaques du si\u00e8ge de Tournai et l\u2019artillerie \u00e0 Fontenoy le 11 mai 1745 o\u00f9 il a \u00e9t\u00e9 tu\u00e9 d\u2019un boulet \u00e0 8 heures du matin.[13]<\/p>\n<p style=\"text-align: justify\">Le 12 mai il fut inhum\u00e9 dans l\u2019\u00e9glise d\u2019Orcq et Alexandre Toussaint cur\u00e9 d\u2019Orcq \u00e9crit en latin dans son registre des d\u00e9c\u00e8s : \u00ab Le 12e jour de mai 1745 fut inhum\u00e9 dans l\u2019\u00e9glise paroissiale d\u2019Orcq noble Henri du Brocard, commandant des camps et arm\u00e9es du roi de France, lieutenant g\u00e9n\u00e9ral d\u2019artillerie tenant la contr\u00e9e et premier de l\u2019arm\u00e9e du roi en Flandre. \u00bb<\/p>\n<p style=\"text-align: justify\">En mai et juin 1745 deux ing\u00e9nieurs du roi furent inhum\u00e9s dans l\u2019\u00e9glise d\u2019Orcq : Fr\u00e9d\u00e9ric Godefroy de V\u00e9lard de Paudy le 15 mai et Antoine de Regemorte le 24 mai ainsi qu\u2019un officier d\u2019artillerie: Nicolas Gabriel de Saint M\u00e9loir de Pannet le 3 juin.[14] Le premier et le troisi\u00e8me sont d\u00e9c\u00e9d\u00e9s sur le coup, le deuxi\u00e8me deux semaines apr\u00e8s avoir \u00e9t\u00e9 bless\u00e9.[15]<\/p>\n<p style=\"text-align: justify\">Le comte Charles d\u2019Aumale (1688-1750) qui dirigeait les ing\u00e9nieurs du roi \u00e0 Tournai r\u00e9sidait peut-\u00eatre \u00e0 la Marli\u00e8re. Il a donn\u00e9 au Mar\u00e9chal de Saxe un m\u00e9moire pour r\u00e9gler la conduite \u00e0 tenir dans la circonvallation de Tournai ainsi que l\u2019estimation du nombre de travailleurs, soit 1800, n\u00e9cessaires \u00e0 l\u2019ouverture de la tranch\u00e9e \u00e0 Orcq la nuit du 30 avril au 1er mai.[16]<\/p>\n<p style=\"text-align: justify\">Ce premier mai le comte d\u2019Aumale fut cr\u00e9\u00e9 Mar\u00e9chal de camp devant Tournai.[17]<\/p>\n<p style=\"text-align: justify\">La pr\u00e9sence d\u2019Aumale au si\u00e8ge est donc av\u00e9r\u00e9e et la tranch\u00e9e ayant \u00e9t\u00e9 ouverte \u00e0 deux endroits, l\u2019un \u00e0 la cense des Mottes \u00e0 Froyennes et l\u2019autre au centre d\u2019Orcq, traversant la propri\u00e9t\u00e9 actuelle de la Marli\u00e8re, on peut raisonnablement supposer qu\u2019il logeait \u00e0 Orcq.<\/p>\n<p style=\"text-align: justify\">Par contre on peut dire avec certitude que le duc Charles de Fitz-James, commandant des travaux au si\u00e8ge de Tournai a log\u00e9 \u00e0 la Marli\u00e8re. Les m\u00e9moires de Godefroy, un t\u00e9moin des faits, pr\u00e9cise : \u00ab J\u2019ai \u00e9t\u00e9 \u00e0 Orcq, chez milord Saint-James, qui est log\u00e9 au ch\u00e2teau d\u2019Orcq \u00bb et aussi \u00ab Le r\u00e9giment de Saint-Jal a \u00e9t\u00e9 oblig\u00e9 de se retirer un peu, parce qu\u2019il \u00e9tait trop vu du canon de la place ; un boulet de canon a donn\u00e9 dans le toit du ch\u00e2teau d\u2019Orcq, dont un domestique de milord a \u00e9t\u00e9 bless\u00e9 \u00bb[18]<\/p>\n<p style=\"text-align: justify\">L\u2019attaque de la ville s\u2019est faite par la porte des Sept Fontaines soit \u00e0 l\u2019endroit o\u00f9 la chauss\u00e9e de Courtrai arrive \u00e0 Tournai. Le th\u00e9\u00e2tre des op\u00e9rations \u00e9tait situ\u00e9 entre les chauss\u00e9es de Lille et de Courtrai et \u00e0 l\u2019est du rieu d\u2019Orcq appel\u00e9 dans son cours inf\u00e9rieur, rieu de Maire. Orcq et son ch\u00e2teau o\u00f9 les artilleurs et les ing\u00e9nieurs du roi \u00e9taient cantonn\u00e9s \u00e9tait donc le point n\u00e9vralgique de commandement des op\u00e9rations du si\u00e8ge de 1745.<\/p>\n<div id=\"attachment_120\" style=\"width: 332px\" class=\"wp-caption aligncenter\"><img loading=\"lazy\" decoding=\"async\" aria-describedby=\"caption-attachment-120\" class=\"wp-image-120 size-full\" src=\"http:\/\/orcq.be\/histoire\/wp-content\/uploads\/sites\/2\/2017\/07\/Plan-des-attaques-de-la-ville-et-citadelle-de-Tournay.jpg\" alt=\"Plan des attaques de la ville et citadelle de Tournay\" width=\"322\" height=\"277\" srcset=\"https:\/\/orcq.be\/histoire\/wp-content\/uploads\/sites\/2\/2017\/07\/Plan-des-attaques-de-la-ville-et-citadelle-de-Tournay.jpg 322w, https:\/\/orcq.be\/histoire\/wp-content\/uploads\/sites\/2\/2017\/07\/Plan-des-attaques-de-la-ville-et-citadelle-de-Tournay-300x258.jpg 300w\" sizes=\"auto, (max-width: 322px) 100vw, 322px\" \/><p id=\"caption-attachment-120\" class=\"wp-caption-text\">Plan des attaques de la ville et citadelle de Tournay (d\u00e9tail). 1745 Collection priv\u00e9e<\/p><\/div>\n<p style=\"text-align: justify\"><span style=\"font-weight: inherit\">Le plan ci dessus donne le d\u00e9tail du trac\u00e9 de la tranch\u00e9e \u00e0 Orcq.[19]<\/span><\/p>\n<p style=\"text-align: justify\">De a \u00e0 b, le trac\u00e9 de la chauss\u00e9e de Lille<\/p>\n<p style=\"text-align: justify\">De c \u00e0 d, le trac\u00e9 du rieu d\u2019Orcq<\/p>\n<p style=\"text-align: justify\">En 1, l\u2019\u00e9glise encore perpendiculaire \u00e0 la rue du m\u00eame nom \u00e0 cette \u00e9poque<\/p>\n<p style=\"text-align: justify\">En 2, le ch\u00e2teau de la Marli\u00e8re, en 1745 Louis Fran\u00e7ois Druez \u00e9tait seigneur de la Marli\u00e8re.<\/p>\n<p style=\"text-align: justify\">En 3, le d\u00e9p\u00f4t comme indiqu\u00e9 sur le plan. C\u2019est l\u00e0 que la tranch\u00e9e a \u00e9t\u00e9 ouverte, cette tranch\u00e9e servait aux assi\u00e9geants \u00e0 approcher la ville \u00e0 couvert, elle mesurait 15 pieds de large. Un tel ouvrage men\u00e9 en mai an\u00e9antissait \u00e9videmment tout le travail des agriculteurs. Ce d\u00e9p\u00f4t, qui contenait ce qui \u00e9tait n\u00e9cessaire au si\u00e8ge, devait se trouver approximativement \u00e0 l\u2019endroit o\u00f9 se joignent les fonds des propri\u00e9t\u00e9s de MM Lhoir (ancienne ferme O. Bothuyne) et Soudant (ancienne ferme Ghislain) \u2013 parcelle A306 du plan Popp[20].<\/p>\n<p style=\"text-align: justify\">En 4, la Barri\u00e8re (croisement du chemin Vert et de la chauss\u00e9e de Lille)<\/p>\n<p style=\"text-align: justify\">En 5, la tranch\u00e9e proprement dite qui \u00e9tait plus ou moins parall\u00e8le \u00e0 la chauss\u00e9e de Lille et recevait pr\u00e8s de l\u2019all\u00e9e des Patriotes une branche venant directement de la chauss\u00e9e, sans doute pour en faciliter l\u2019acc\u00e8s. Elle faisait ensuite un coude pour traverser le chemin Vert et continuer vers Tournai.<\/p>\n<p style=\"text-align: justify\"><strong>Ouverture de la tranch\u00e9e : le si\u00e8ge d\u2019une ville \u00e9tait en fait une guerre de tranch\u00e9es. Tout autour de la ville, un espace d\u00e9nud\u00e9, le glacis, permettait aux assi\u00e9g\u00e9s d\u2019observer les assi\u00e9geants et de leur envoyer des boulets. Il fallait donc approcher la ville en creusant des tranch\u00e9es qui tout en approchant des ennemis devaient rester le plus parall\u00e8les possible au mur d\u2019enceinte afin d\u2019\u00e9viter que les boulets ne puissent y faire trop de d\u00e9g\u00e2ts. Le d\u00e9but du si\u00e8ge \u00e9tait marqu\u00e9 par l\u2019ouverture de la tranch\u00e9e, moment qui rev\u00eatait une certaine solennit\u00e9.<\/strong><\/p>\n<p style=\"text-align: justify\">Je tiens \u00e0 remercier vivement Alain Tripnaux, pr\u00e9sident du Tricorne, l&rsquo;association de sauvegarde du patrimoine li\u00e9 \u00e0 la bataille de Fontenoy, pour ses conseils \u00e9clair\u00e9s.<\/p>\n<p style=\"text-align: justify\">\n<hr \/>\n<p style=\"text-align: justify\">[1]A.G. CHOTIN, Histoire de Tournai et du Tourn\u00e9sis, imprimerie Massart et Janssens, Tournai, 1840., tome 2, p. 107.<\/p>\n<p style=\"text-align: justify\">[2] A.G. CHOTIN, op. cit. tome, 2 p. 168.<\/p>\n<p style=\"text-align: justify\">[3] J.B. FLAMME, Histoire de la ville de Tournai, Imprimerie Massart et Janssens, Tournai, 1849, p. 133.<\/p>\n<p style=\"text-align: justify\">[4] A.G. CHOTIN, op. cit., tome 2 p. 197.<\/p>\n<p style=\"text-align: justify\">[5] B. DEMAIRE, Orcq \u00e0 la fin du XVIIIe si\u00e8cle sur la carte de cabinet des Pays-Bas dite carte de Ferraris, dans Revue Ligne 4, N\u00b0 3 MAI 2009, p. 17.<\/p>\n<p style=\"text-align: justify\">[6] P. DALICOURT, La campagne royale ou le triomphe des armes de sa Majest\u00e9 \u00e9s ann\u00e9es 1667 et 1668, A Paris chez la veuve Gervais Alliot et son fils Gilles Alliot 1668, 2\u00e8me partie p. 29.<\/p>\n<p style=\"text-align: justify\">[7] F. DESMONS, La conqu\u00eate en 1667, H. et L. Casterman libraires \u00e9diteurs, Tournai, 1907, p. 93.<\/p>\n<p style=\"text-align: justify\">[8] Desmons \u00e9crit Woerden, mais le comte lui-m\u00eame \u00e9crit son nom Vuoerden, d\u2019autres auteurs \u00e9crivent aussi Voerden<\/p>\n<p style=\"text-align: justify\">[9] VANDEUVRES, Relation de la guerre de Flandres en l\u2019ann\u00e9e 1667, Chez Charles Osmont, Paris 1672, p. 49.<\/p>\n<p style=\"text-align: justify\">[10] O. COLLYNS, Monographie d\u2019Orcq, Publication \u00e0 compte d\u2019auteur, vers 1954, p. 146.<\/p>\n<p style=\"text-align: justify\">[11] A. TRIPNAUX, Corespondance priv\u00e9e, A. Tripnaux est un historien local qui ma\u00eetrise tr\u00e8s bien l\u2019histoire militaire de Tournai sous l\u2019ancien r\u00e9gime.<\/p>\n<p style=\"text-align: justify\">[12] J. COLIN, Les m\u00e9moires du Mar\u00e9chal de Saxe T III Journal du si\u00e8ge de Tournay du 20 avril au 20 mai 1745, Librairie militaire R. Chapelot, Paris, 1901 1906.<\/p>\n<p style=\"text-align: justify\">[13] On retiendra aussi qu\u2019il fut l\u2019inventeur de la gargousse : c\u2019est la charge de poudre du canon pour tirer un coup contenue dans son enveloppe.<\/p>\n<p style=\"text-align: justify\">[14] Tournai, A.\u00c9.T., Registres paroissiaux d\u2019Orcq, d\u00e9c\u00e8s 1745<\/p>\n<p style=\"text-align: justify\">[15] J. COLIN, Les m\u00e9moires du Mar\u00e9chal de Saxe T III, Journal du si\u00e8ge de Tournay du 20 avril au 20 mai 1745 et Journal du si\u00e8ge de la citadelle de Tournay du 20 mai au 20 juin 1745, Librairie militaire R. Chapelot, Paris, 1901 1906.<\/p>\n<p style=\"text-align: justify\">[16] L.CORMONTAINGNE, L\u2019attaque des places, Editions Anselin, Paris, 1835, p. 276.<\/p>\n<p style=\"text-align: justify\">[17] COURCELLES, Dictionnaire historique et biographique des g\u00e9n\u00e9raux fran\u00e7ais, Chez l\u2019auteur, Paris 1820, p. 229.<\/p>\n<p style=\"text-align: justify\">[18] J. COLIN, op. cit., p. 173.<\/p>\n<p style=\"text-align: justify\">[19] ANONYME, Plan des attaques de la ville et citadelle de Tournai, Vendu chez Panckoucke \u00e0 Lille et Robert \u00e0 Paris, 1745<\/p>\n<p style=\"text-align: justify\">[20] P.C. POPP, Atlas cadastral de Belgique, plan parcellaire d\u2019Orcq, Vers 1860.<\/p>\n","protected":false},"excerpt":{"rendered":"<p>1. Orcq et la Marli\u00e8re lors du si\u00e8ge de 1581 Apr\u00e8s le si\u00e8ge de 1513 Tournai ne restera anglaise que 5 ans et en 1518 Henri VIII vend la ville pour 400000 \u00e9cus \u00e0 Fran\u00e7ois Ier. En 1521 la ville sera assi\u00e9g\u00e9e et conquise par les arm\u00e9es de Charles Quint ; les remparts sont foudroy\u00e9s [&hellip;]<\/p>\n","protected":false},"author":2,"featured_media":1201,"comment_status":"closed","ping_status":"closed","sticky":false,"template":"","format":"standard","meta":{"_monsterinsights_skip_tracking":false,"_monsterinsights_sitenote_active":false,"_monsterinsights_sitenote_note":"","_monsterinsights_sitenote_category":0,"footnotes":""},"categories":[4],"tags":[],"class_list":{"0":"post-118","1":"post","2":"type-post","3":"status-publish","4":"format-standard","5":"has-post-thumbnail","7":"category-la-marliere","8":"czr-hentry"},"yoast_head":"<!-- This site is optimized with the Yoast SEO plugin v27.4 - https:\/\/yoast.com\/product\/yoast-seo-wordpress\/ -->\n<title>Orcq et la Marli\u00e8re lors des si\u00e8ges de Tournai de 1581 \u00e0 1745 &#8226; ORCQ.be - L&#039;Histoire<\/title>\n<meta name=\"robots\" content=\"index, follow, max-snippet:-1, max-image-preview:large, max-video-preview:-1\" \/>\n<link rel=\"canonical\" href=\"https:\/\/orcq.be\/histoire\/2017\/07\/09\/orcq-marliere-lors-sieges-de-tournai-de-1581-a-1745\/\" \/>\n<meta property=\"og:locale\" content=\"fr_FR\" \/>\n<meta property=\"og:type\" content=\"article\" \/>\n<meta property=\"og:title\" content=\"Orcq et la Marli\u00e8re lors des si\u00e8ges de Tournai de 1581 \u00e0 1745 &#8226; ORCQ.be - L&#039;Histoire\" \/>\n<meta property=\"og:description\" content=\"1. Orcq et la Marli\u00e8re lors du si\u00e8ge de 1581 Apr\u00e8s le si\u00e8ge de 1513 Tournai ne restera anglaise que 5 ans et en 1518 Henri VIII vend la ville pour 400000 \u00e9cus \u00e0 Fran\u00e7ois Ier. En 1521 la ville sera assi\u00e9g\u00e9e et conquise par les arm\u00e9es de Charles Quint ; les remparts sont foudroy\u00e9s [&hellip;]\" \/>\n<meta property=\"og:url\" content=\"https:\/\/orcq.be\/histoire\/2017\/07\/09\/orcq-marliere-lors-sieges-de-tournai-de-1581-a-1745\/\" \/>\n<meta property=\"og:site_name\" content=\"ORCQ.be - L&#039;Histoire\" \/>\n<meta property=\"article:publisher\" content=\"https:\/\/www.facebook.com\/villageorcq\" \/>\n<meta property=\"article:published_time\" content=\"2017-07-09T21:11:49+00:00\" \/>\n<meta property=\"article:modified_time\" content=\"2020-12-28T14:23:09+00:00\" \/>\n<meta property=\"og:image\" content=\"https:\/\/orcq.be\/histoire\/wp-content\/uploads\/sites\/2\/2017\/07\/BANDEAU-SIEGE-TOURNAI-1667.png\" \/>\n\t<meta property=\"og:image:width\" content=\"561\" \/>\n\t<meta property=\"og:image:height\" content=\"344\" \/>\n\t<meta property=\"og:image:type\" content=\"image\/png\" \/>\n<meta name=\"author\" content=\"francoismanche\" \/>\n<meta name=\"twitter:card\" content=\"summary_large_image\" \/>\n<meta name=\"twitter:label1\" content=\"\u00c9crit par\" \/>\n\t<meta name=\"twitter:data1\" content=\"francoismanche\" \/>\n\t<meta name=\"twitter:label2\" content=\"Dur\u00e9e de lecture estim\u00e9e\" \/>\n\t<meta name=\"twitter:data2\" content=\"13 minutes\" \/>\n<script type=\"application\/ld+json\" class=\"yoast-schema-graph\">{\"@context\":\"https:\\\/\\\/schema.org\",\"@graph\":[{\"@type\":\"Article\",\"@id\":\"https:\\\/\\\/orcq.be\\\/histoire\\\/2017\\\/07\\\/09\\\/orcq-marliere-lors-sieges-de-tournai-de-1581-a-1745\\\/#article\",\"isPartOf\":{\"@id\":\"https:\\\/\\\/orcq.be\\\/histoire\\\/2017\\\/07\\\/09\\\/orcq-marliere-lors-sieges-de-tournai-de-1581-a-1745\\\/\"},\"author\":{\"name\":\"francoismanche\",\"@id\":\"https:\\\/\\\/orcq.be\\\/histoire\\\/#\\\/schema\\\/person\\\/3453b8acec82b56cc57799c49f7d9e69\"},\"headline\":\"Orcq et la Marli\u00e8re lors des si\u00e8ges de Tournai de 1581 \u00e0 1745\",\"datePublished\":\"2017-07-09T21:11:49+00:00\",\"dateModified\":\"2020-12-28T14:23:09+00:00\",\"mainEntityOfPage\":{\"@id\":\"https:\\\/\\\/orcq.be\\\/histoire\\\/2017\\\/07\\\/09\\\/orcq-marliere-lors-sieges-de-tournai-de-1581-a-1745\\\/\"},\"wordCount\":2568,\"image\":{\"@id\":\"https:\\\/\\\/orcq.be\\\/histoire\\\/2017\\\/07\\\/09\\\/orcq-marliere-lors-sieges-de-tournai-de-1581-a-1745\\\/#primaryimage\"},\"thumbnailUrl\":\"https:\\\/\\\/orcq.be\\\/histoire\\\/wp-content\\\/uploads\\\/sites\\\/2\\\/2017\\\/07\\\/BANDEAU-SIEGE-TOURNAI-1667.png\",\"articleSection\":[\"La Marli\u00e8re\"],\"inLanguage\":\"fr-FR\"},{\"@type\":\"WebPage\",\"@id\":\"https:\\\/\\\/orcq.be\\\/histoire\\\/2017\\\/07\\\/09\\\/orcq-marliere-lors-sieges-de-tournai-de-1581-a-1745\\\/\",\"url\":\"https:\\\/\\\/orcq.be\\\/histoire\\\/2017\\\/07\\\/09\\\/orcq-marliere-lors-sieges-de-tournai-de-1581-a-1745\\\/\",\"name\":\"Orcq et la Marli\u00e8re lors des si\u00e8ges de Tournai de 1581 \u00e0 1745 &#8226; ORCQ.be - L&#039;Histoire\",\"isPartOf\":{\"@id\":\"https:\\\/\\\/orcq.be\\\/histoire\\\/#website\"},\"primaryImageOfPage\":{\"@id\":\"https:\\\/\\\/orcq.be\\\/histoire\\\/2017\\\/07\\\/09\\\/orcq-marliere-lors-sieges-de-tournai-de-1581-a-1745\\\/#primaryimage\"},\"image\":{\"@id\":\"https:\\\/\\\/orcq.be\\\/histoire\\\/2017\\\/07\\\/09\\\/orcq-marliere-lors-sieges-de-tournai-de-1581-a-1745\\\/#primaryimage\"},\"thumbnailUrl\":\"https:\\\/\\\/orcq.be\\\/histoire\\\/wp-content\\\/uploads\\\/sites\\\/2\\\/2017\\\/07\\\/BANDEAU-SIEGE-TOURNAI-1667.png\",\"datePublished\":\"2017-07-09T21:11:49+00:00\",\"dateModified\":\"2020-12-28T14:23:09+00:00\",\"author\":{\"@id\":\"https:\\\/\\\/orcq.be\\\/histoire\\\/#\\\/schema\\\/person\\\/3453b8acec82b56cc57799c49f7d9e69\"},\"breadcrumb\":{\"@id\":\"https:\\\/\\\/orcq.be\\\/histoire\\\/2017\\\/07\\\/09\\\/orcq-marliere-lors-sieges-de-tournai-de-1581-a-1745\\\/#breadcrumb\"},\"inLanguage\":\"fr-FR\",\"potentialAction\":[{\"@type\":\"ReadAction\",\"target\":[\"https:\\\/\\\/orcq.be\\\/histoire\\\/2017\\\/07\\\/09\\\/orcq-marliere-lors-sieges-de-tournai-de-1581-a-1745\\\/\"]}]},{\"@type\":\"ImageObject\",\"inLanguage\":\"fr-FR\",\"@id\":\"https:\\\/\\\/orcq.be\\\/histoire\\\/2017\\\/07\\\/09\\\/orcq-marliere-lors-sieges-de-tournai-de-1581-a-1745\\\/#primaryimage\",\"url\":\"https:\\\/\\\/orcq.be\\\/histoire\\\/wp-content\\\/uploads\\\/sites\\\/2\\\/2017\\\/07\\\/BANDEAU-SIEGE-TOURNAI-1667.png\",\"contentUrl\":\"https:\\\/\\\/orcq.be\\\/histoire\\\/wp-content\\\/uploads\\\/sites\\\/2\\\/2017\\\/07\\\/BANDEAU-SIEGE-TOURNAI-1667.png\",\"width\":561,\"height\":344},{\"@type\":\"BreadcrumbList\",\"@id\":\"https:\\\/\\\/orcq.be\\\/histoire\\\/2017\\\/07\\\/09\\\/orcq-marliere-lors-sieges-de-tournai-de-1581-a-1745\\\/#breadcrumb\",\"itemListElement\":[{\"@type\":\"ListItem\",\"position\":1,\"name\":\"Accueil\",\"item\":\"https:\\\/\\\/orcq.be\\\/histoire\\\/\"},{\"@type\":\"ListItem\",\"position\":2,\"name\":\"Orcq et la Marli\u00e8re lors des si\u00e8ges de Tournai de 1581 \u00e0 1745\"}]},{\"@type\":\"WebSite\",\"@id\":\"https:\\\/\\\/orcq.be\\\/histoire\\\/#website\",\"url\":\"https:\\\/\\\/orcq.be\\\/histoire\\\/\",\"name\":\"ORCQ.be - L&#039;Histoire\",\"description\":\"Histoire de Orcq\",\"potentialAction\":[{\"@type\":\"SearchAction\",\"target\":{\"@type\":\"EntryPoint\",\"urlTemplate\":\"https:\\\/\\\/orcq.be\\\/histoire\\\/?s={search_term_string}\"},\"query-input\":{\"@type\":\"PropertyValueSpecification\",\"valueRequired\":true,\"valueName\":\"search_term_string\"}}],\"inLanguage\":\"fr-FR\"},{\"@type\":\"Person\",\"@id\":\"https:\\\/\\\/orcq.be\\\/histoire\\\/#\\\/schema\\\/person\\\/3453b8acec82b56cc57799c49f7d9e69\",\"name\":\"francoismanche\",\"image\":{\"@type\":\"ImageObject\",\"inLanguage\":\"fr-FR\",\"@id\":\"https:\\\/\\\/secure.gravatar.com\\\/avatar\\\/e44199027f74c0c7933ef0919b4b195c19cb0a5babc01c48e0ec4d570c94fbf3?s=96&d=mm&r=g\",\"url\":\"https:\\\/\\\/secure.gravatar.com\\\/avatar\\\/e44199027f74c0c7933ef0919b4b195c19cb0a5babc01c48e0ec4d570c94fbf3?s=96&d=mm&r=g\",\"contentUrl\":\"https:\\\/\\\/secure.gravatar.com\\\/avatar\\\/e44199027f74c0c7933ef0919b4b195c19cb0a5babc01c48e0ec4d570c94fbf3?s=96&d=mm&r=g\",\"caption\":\"francoismanche\"},\"url\":\"https:\\\/\\\/orcq.be\\\/histoire\\\/author\\\/francoismanche\\\/\"}]}<\/script>\n<!-- \/ Yoast SEO plugin. -->","yoast_head_json":{"title":"Orcq et la Marli\u00e8re lors des si\u00e8ges de Tournai de 1581 \u00e0 1745 &#8226; ORCQ.be - L&#039;Histoire","robots":{"index":"index","follow":"follow","max-snippet":"max-snippet:-1","max-image-preview":"max-image-preview:large","max-video-preview":"max-video-preview:-1"},"canonical":"https:\/\/orcq.be\/histoire\/2017\/07\/09\/orcq-marliere-lors-sieges-de-tournai-de-1581-a-1745\/","og_locale":"fr_FR","og_type":"article","og_title":"Orcq et la Marli\u00e8re lors des si\u00e8ges de Tournai de 1581 \u00e0 1745 &#8226; ORCQ.be - L&#039;Histoire","og_description":"1. Orcq et la Marli\u00e8re lors du si\u00e8ge de 1581 Apr\u00e8s le si\u00e8ge de 1513 Tournai ne restera anglaise que 5 ans et en 1518 Henri VIII vend la ville pour 400000 \u00e9cus \u00e0 Fran\u00e7ois Ier. En 1521 la ville sera assi\u00e9g\u00e9e et conquise par les arm\u00e9es de Charles Quint ; les remparts sont foudroy\u00e9s [&hellip;]","og_url":"https:\/\/orcq.be\/histoire\/2017\/07\/09\/orcq-marliere-lors-sieges-de-tournai-de-1581-a-1745\/","og_site_name":"ORCQ.be - L&#039;Histoire","article_publisher":"https:\/\/www.facebook.com\/villageorcq","article_published_time":"2017-07-09T21:11:49+00:00","article_modified_time":"2020-12-28T14:23:09+00:00","og_image":[{"width":561,"height":344,"url":"https:\/\/orcq.be\/histoire\/wp-content\/uploads\/sites\/2\/2017\/07\/BANDEAU-SIEGE-TOURNAI-1667.png","type":"image\/png"}],"author":"francoismanche","twitter_card":"summary_large_image","twitter_misc":{"\u00c9crit par":"francoismanche","Dur\u00e9e de lecture estim\u00e9e":"13 minutes"},"schema":{"@context":"https:\/\/schema.org","@graph":[{"@type":"Article","@id":"https:\/\/orcq.be\/histoire\/2017\/07\/09\/orcq-marliere-lors-sieges-de-tournai-de-1581-a-1745\/#article","isPartOf":{"@id":"https:\/\/orcq.be\/histoire\/2017\/07\/09\/orcq-marliere-lors-sieges-de-tournai-de-1581-a-1745\/"},"author":{"name":"francoismanche","@id":"https:\/\/orcq.be\/histoire\/#\/schema\/person\/3453b8acec82b56cc57799c49f7d9e69"},"headline":"Orcq et la Marli\u00e8re lors des si\u00e8ges de Tournai de 1581 \u00e0 1745","datePublished":"2017-07-09T21:11:49+00:00","dateModified":"2020-12-28T14:23:09+00:00","mainEntityOfPage":{"@id":"https:\/\/orcq.be\/histoire\/2017\/07\/09\/orcq-marliere-lors-sieges-de-tournai-de-1581-a-1745\/"},"wordCount":2568,"image":{"@id":"https:\/\/orcq.be\/histoire\/2017\/07\/09\/orcq-marliere-lors-sieges-de-tournai-de-1581-a-1745\/#primaryimage"},"thumbnailUrl":"https:\/\/orcq.be\/histoire\/wp-content\/uploads\/sites\/2\/2017\/07\/BANDEAU-SIEGE-TOURNAI-1667.png","articleSection":["La Marli\u00e8re"],"inLanguage":"fr-FR"},{"@type":"WebPage","@id":"https:\/\/orcq.be\/histoire\/2017\/07\/09\/orcq-marliere-lors-sieges-de-tournai-de-1581-a-1745\/","url":"https:\/\/orcq.be\/histoire\/2017\/07\/09\/orcq-marliere-lors-sieges-de-tournai-de-1581-a-1745\/","name":"Orcq et la Marli\u00e8re lors des si\u00e8ges de Tournai de 1581 \u00e0 1745 &#8226; ORCQ.be - L&#039;Histoire","isPartOf":{"@id":"https:\/\/orcq.be\/histoire\/#website"},"primaryImageOfPage":{"@id":"https:\/\/orcq.be\/histoire\/2017\/07\/09\/orcq-marliere-lors-sieges-de-tournai-de-1581-a-1745\/#primaryimage"},"image":{"@id":"https:\/\/orcq.be\/histoire\/2017\/07\/09\/orcq-marliere-lors-sieges-de-tournai-de-1581-a-1745\/#primaryimage"},"thumbnailUrl":"https:\/\/orcq.be\/histoire\/wp-content\/uploads\/sites\/2\/2017\/07\/BANDEAU-SIEGE-TOURNAI-1667.png","datePublished":"2017-07-09T21:11:49+00:00","dateModified":"2020-12-28T14:23:09+00:00","author":{"@id":"https:\/\/orcq.be\/histoire\/#\/schema\/person\/3453b8acec82b56cc57799c49f7d9e69"},"breadcrumb":{"@id":"https:\/\/orcq.be\/histoire\/2017\/07\/09\/orcq-marliere-lors-sieges-de-tournai-de-1581-a-1745\/#breadcrumb"},"inLanguage":"fr-FR","potentialAction":[{"@type":"ReadAction","target":["https:\/\/orcq.be\/histoire\/2017\/07\/09\/orcq-marliere-lors-sieges-de-tournai-de-1581-a-1745\/"]}]},{"@type":"ImageObject","inLanguage":"fr-FR","@id":"https:\/\/orcq.be\/histoire\/2017\/07\/09\/orcq-marliere-lors-sieges-de-tournai-de-1581-a-1745\/#primaryimage","url":"https:\/\/orcq.be\/histoire\/wp-content\/uploads\/sites\/2\/2017\/07\/BANDEAU-SIEGE-TOURNAI-1667.png","contentUrl":"https:\/\/orcq.be\/histoire\/wp-content\/uploads\/sites\/2\/2017\/07\/BANDEAU-SIEGE-TOURNAI-1667.png","width":561,"height":344},{"@type":"BreadcrumbList","@id":"https:\/\/orcq.be\/histoire\/2017\/07\/09\/orcq-marliere-lors-sieges-de-tournai-de-1581-a-1745\/#breadcrumb","itemListElement":[{"@type":"ListItem","position":1,"name":"Accueil","item":"https:\/\/orcq.be\/histoire\/"},{"@type":"ListItem","position":2,"name":"Orcq et la Marli\u00e8re lors des si\u00e8ges de Tournai de 1581 \u00e0 1745"}]},{"@type":"WebSite","@id":"https:\/\/orcq.be\/histoire\/#website","url":"https:\/\/orcq.be\/histoire\/","name":"ORCQ.be - L&#039;Histoire","description":"Histoire de Orcq","potentialAction":[{"@type":"SearchAction","target":{"@type":"EntryPoint","urlTemplate":"https:\/\/orcq.be\/histoire\/?s={search_term_string}"},"query-input":{"@type":"PropertyValueSpecification","valueRequired":true,"valueName":"search_term_string"}}],"inLanguage":"fr-FR"},{"@type":"Person","@id":"https:\/\/orcq.be\/histoire\/#\/schema\/person\/3453b8acec82b56cc57799c49f7d9e69","name":"francoismanche","image":{"@type":"ImageObject","inLanguage":"fr-FR","@id":"https:\/\/secure.gravatar.com\/avatar\/e44199027f74c0c7933ef0919b4b195c19cb0a5babc01c48e0ec4d570c94fbf3?s=96&d=mm&r=g","url":"https:\/\/secure.gravatar.com\/avatar\/e44199027f74c0c7933ef0919b4b195c19cb0a5babc01c48e0ec4d570c94fbf3?s=96&d=mm&r=g","contentUrl":"https:\/\/secure.gravatar.com\/avatar\/e44199027f74c0c7933ef0919b4b195c19cb0a5babc01c48e0ec4d570c94fbf3?s=96&d=mm&r=g","caption":"francoismanche"},"url":"https:\/\/orcq.be\/histoire\/author\/francoismanche\/"}]}},"_links":{"self":[{"href":"https:\/\/orcq.be\/histoire\/wp-json\/wp\/v2\/posts\/118","targetHints":{"allow":["GET"]}}],"collection":[{"href":"https:\/\/orcq.be\/histoire\/wp-json\/wp\/v2\/posts"}],"about":[{"href":"https:\/\/orcq.be\/histoire\/wp-json\/wp\/v2\/types\/post"}],"author":[{"embeddable":true,"href":"https:\/\/orcq.be\/histoire\/wp-json\/wp\/v2\/users\/2"}],"replies":[{"embeddable":true,"href":"https:\/\/orcq.be\/histoire\/wp-json\/wp\/v2\/comments?post=118"}],"version-history":[{"count":3,"href":"https:\/\/orcq.be\/histoire\/wp-json\/wp\/v2\/posts\/118\/revisions"}],"predecessor-version":[{"id":1202,"href":"https:\/\/orcq.be\/histoire\/wp-json\/wp\/v2\/posts\/118\/revisions\/1202"}],"wp:featuredmedia":[{"embeddable":true,"href":"https:\/\/orcq.be\/histoire\/wp-json\/wp\/v2\/media\/1201"}],"wp:attachment":[{"href":"https:\/\/orcq.be\/histoire\/wp-json\/wp\/v2\/media?parent=118"}],"wp:term":[{"taxonomy":"category","embeddable":true,"href":"https:\/\/orcq.be\/histoire\/wp-json\/wp\/v2\/categories?post=118"},{"taxonomy":"post_tag","embeddable":true,"href":"https:\/\/orcq.be\/histoire\/wp-json\/wp\/v2\/tags?post=118"}],"curies":[{"name":"wp","href":"https:\/\/api.w.org\/{rel}","templated":true}]}}