{"id":455,"date":"2017-07-26T17:39:39","date_gmt":"2017-07-26T15:39:39","guid":{"rendered":"http:\/\/orcq.be\/histoire\/?p=455"},"modified":"2020-12-29T12:02:30","modified_gmt":"2020-12-29T11:02:30","slug":"orcq-chronologie-de-guerre-1914-1918-bernard-demaire-robert-trifin","status":"publish","type":"post","link":"https:\/\/orcq.be\/histoire\/2017\/07\/26\/orcq-chronologie-de-guerre-1914-1918-bernard-demaire-robert-trifin\/","title":{"rendered":"Orcq, chronologie de la guerre 1914-1918 (Bernard Demaire et Robert Trifin)"},"content":{"rendered":"<h2 style=\"text-align: justify;\">Introduction<\/h2>\n<p style=\"text-align: justify;\">Sources principales :<\/p>\n<p style=\"text-align: justify;\">Bulletin r\u00e9gional du courrier de l\u2019Escaut.[1]Dans son premier num\u00e9ro dat\u00e9 du 8 novembre 1915, l\u2019\u00e9diteur du bulletin explique les raisons de sa parution :<br \/>\nLes journaux tournaisiens ont cess\u00e9 de para\u00eetre au d\u00e9but d\u2019octobre 1914. Le maintien de la r\u00e9gion de Tournai dans la zone d\u2019\u00e9tape[2] de Valenciennes jusqu\u2019en juillet 1915[3] rendait toute publication impossible. Apr\u00e8s juillet, l\u2019arrondissement de Tournai \u00e9tant rattach\u00e9 au gouvernement g\u00e9n\u00e9ral allemand en Belgique, il n\u2019y a plus pour les journaux d\u2019interdiction de para\u00eetre. D\u00e8s lors, le \u00ab Courrier de l\u2019Escaut \u00bb c\u00e9dant aux \u00ab sollicitations de tr\u00e8s nombreuses personnes \u00bb d\u00e9cide de publier le bulletin. Ses buts sont pr\u00e9cis\u00e9s : servir la religion, aider dans la r\u00e9gion au d\u00e9veloppement de la vie sociale, commerciale et industrielle, soutenir les \u0153uvres qui parent aux mis\u00e8res et aux n\u00e9cessit\u00e9s issues de la guerre et donner satisfaction au besoin de lire et de savoir. Le bulletin para\u00eetra trois fois par semaine. Les nouvelles de guerre se limiteront \u00e0 la communication des communiqu\u00e9s officiels des \u00e9tats-majors. L\u2019\u00e9ditorialiste pr\u00e9cise \u00ab Nous bornerons \u00e0 l\u2019enregistrement de ces documents \u2013 censur\u00e9s \u2013 nos nouvelles de guerre \u00bb Le paragraphe final de l\u2019\u00e9ditorial est ainsi libell\u00e9 : \u00ab L\u2019administration allemande est un fait dont il serait vain de ne point vouloir tenir compte, mais notre fid\u00e9lit\u00e9 \u00e0 la Patrie Belge reste enti\u00e8re. Rien ne saurait l\u2019alt\u00e9rer, et personne d\u2019ailleurs ne nous en demande le sacrifice.<br \/>\nNous avons opt\u00e9 pour pr\u00e9senter des scans des articles, pour cette source on ne mentionnera donc pas la r\u00e9f\u00e9rence.<\/p>\n<p style=\"text-align: justify;\">Tournai 1914-1918 Chronique d\u2019une ville occup\u00e9e, \u00e9dition des souvenirs d\u2019Alexandre Carette Dutoit[4]. Les extraits de cette source seront not\u00e9s : ACD<\/p>\n<p style=\"text-align: justify;\">Les autres sources sont mentionn\u00e9es dans le texte.<\/p>\n<p style=\"text-align: justify;\">\n<h1 style=\"text-align: justify;\"><strong>Chronologie des \u00e9v\u00e9nements<\/strong><\/h1>\n<h2 style=\"text-align: justify;\"><strong>Le 14 janvier 1915<\/strong><\/h2>\n<p style=\"text-align: justify;\">Dans le rapport du coll\u00e8ge \u00e9chevinal, on lit :<\/p>\n<p style=\"text-align: justify;\">\u00ab La commune \u00e9tant d\u00e9munie des fonds n\u00e9cessaires pour secourir les familles dont la guerre a enlev\u00e9 le soutien, d\u00e9cide de solliciter aupr\u00e8s du comit\u00e9 national de secours et d\u2019alimentation une somme de 2500F \u00bb<\/p>\n<h2 style=\"text-align: justify;\"><strong>Le 2 f\u00e9vrier 1916<\/strong><\/h2>\n<p style=\"text-align: justify;\"><img loading=\"lazy\" decoding=\"async\" class=\"aligncenter size-full wp-image-139\" src=\"http:\/\/orcq.be\/histoire\/wp-content\/uploads\/sites\/2\/2017\/07\/Le-2-f\u00e9vrier-1916.jpg\" alt=\"Le 2 f\u00e9vrier 1916\" width=\"500\" height=\"310\" srcset=\"https:\/\/orcq.be\/histoire\/wp-content\/uploads\/sites\/2\/2017\/07\/Le-2-f\u00e9vrier-1916.jpg 500w, https:\/\/orcq.be\/histoire\/wp-content\/uploads\/sites\/2\/2017\/07\/Le-2-f\u00e9vrier-1916-300x186.jpg 300w\" sizes=\"auto, (max-width: 500px) 100vw, 500px\" \/><\/p>\n<p style=\"text-align: justify;\">Amand Nys appartenait au 12e de ligne. Ce r\u00e9giment \u00e9tait cantonn\u00e9 \u00e0 Li\u00e8ge depuis 25 ans et fut charg\u00e9 de participer \u00e0 la d\u00e9fense de la position fortifi\u00e9e de la ville. C\u2019est \u00e0 cette occasion qu\u2019Amand Nys fut fait prisonnier le 7 ao\u00fbt 1914 et envoy\u00e9 en Allemagne \u00e0 Soltau situ\u00e9 \u00e0 80 km d\u2019Hanovre. C\u2019\u00e9tait le plus important camp de prisonniers de la guerre 14-18 en Allemagne. Plus de 70000 militaires y \u00e9taient d\u00e9tenus. Amand Nys a, ensuite, exerc\u00e9 le m\u00e9tier de menuisier, le couple a eu cinq enfants n\u00e9s \u00e0 Orcq. Il est d\u00e9c\u00e9d\u00e9 le 4 mai 1969 \u00e0 Orcq.<\/p>\n<p style=\"text-align: justify;\">Des intern\u00e9s en Hollande nous avons quelques informations concernant Louis Ghisse. Il faisait partie de la classe 1905, les classes les plus anciennes \u00e9taient enr\u00f4l\u00e9es pour la d\u00e9fense des forts. Appartenant au 3e chasseurs \u00e0 pied de forteresse il fut affect\u00e9 \u00e0 la d\u00e9fense d\u2019Anvers qui capitula le 10 octobre. Voici ce qu\u2019il d\u00e9crit de la suite de cette capitulation: \u00ab Apr\u00e8s avoir patrouill\u00e9 aux environs de Saint-Nicolas afin de favoriser la retraite de l\u2019arm\u00e9e en campagne, j\u2019ai continu\u00e9 la retraite avec mon unit\u00e9 et pass\u00e9 la fronti\u00e8re hollandaise \u00e0 Koewacht le 10 octobre 1914, la patrouille \u00e9tait command\u00e9e par le sergent Joassin. \u00bb Il a ensuite \u00e9t\u00e9 intern\u00e9 jusqu\u2019\u00e0 la fin de la guerre au camp hollandais de Zeist (Camp II baraque 10).<\/p>\n<p style=\"text-align: justify;\">Il a fait partie de l\u2019Association des combattants de 14 18 d\u2019Orcq. Il est d\u00e9c\u00e9d\u00e9 \u00e0 Tournai le 3 mars.<\/p>\n<p style=\"text-align: justify;\">\u00c0 propos des intern\u00e9s de Hollande, on peut rappeler quelques d\u00e9tails de cet \u00e9pisode de la guerre.<\/p>\n<p style=\"text-align: justify;\">Durant la premi\u00e8re phase de la guerre de mouvement soit du 2 ao\u00fbt au 31 octobre 1914, l\u2019arm\u00e9e belge tenta de d\u00e9fendre Li\u00e8ge tomb\u00e9e le 16 ao\u00fbt et ensuite Anvers qui tomba le 10 octobre, apr\u00e8s quoi l\u2019arm\u00e9e se replia sur l\u2019Yser o\u00f9 le front se stabilisa le 31 octobre apr\u00e8s la bataille du m\u00eame nom. La d\u00e9ferlante allemande num\u00e9riquement sup\u00e9rieure fut telle que de nombreux combattants belges furent faits prisonniers et envoy\u00e9s en Allemagne durant cette premi\u00e8re phase. Apr\u00e8s la chute d\u2019Anvers, environ 40000 militaires belges fuirent en Hollande plut\u00f4t que de se laisser capturer par les Allemands. S\u2019il y eut des fuites assimilables \u00e0 des d\u00e9sertions, la grande majorit\u00e9 de ces militaires n\u2019avait pas d\u2019alternative. La Hollande \u00e9tant un pays neutre elle cr\u00e9a des camps d\u2019internement pour ces combattants dont les plus connus sont ceux d\u2019Amersfoort, Harderwijk et Zeist. Des 40000 militaires r\u00e9fugi\u00e9s en Hollande, 7000 se sont \u00e9chapp\u00e9s pour rejoindre le front. Les autres furent intern\u00e9s dans des camps de tentes, au d\u00e9but, de baraquements plus tard. Au d\u00e9but les baraquements n\u2019\u00e9taient pas chauff\u00e9s et les conditions d\u2019internement tr\u00e8s strictes au point qu\u2019une r\u00e9volte eut lieu \u00e0 Harderwijk o\u00f9 neuf Belges furent tu\u00e9s par balle lors de la r\u00e9pression de l\u2019autorit\u00e9 hollandaise. Ces combattants, tant prisonniers en Allemagne qu\u2019intern\u00e9s en Hollande ont longtemps \u00e9t\u00e9 les victimes de quolibets de civils qui \u00e9taient rest\u00e9s tranquillement chez eux durant la guerre, et ont d\u00fb se battre avec l\u2019autorit\u00e9 militaire pour faire reconna\u00eetre leur bonne foi. Gr\u00e2ce \u00e0 des \u00e9tudes historiques plus r\u00e9centes, on a pu prouver que la plupart d\u2019entre eux n\u2019avaient pas d\u00e9m\u00e9rit\u00e9.<\/p>\n<h2 style=\"text-align: justify;\"><strong>Le 11 f\u00e9vrier 1916&nbsp;<\/strong><\/h2>\n<p><center><img loading=\"lazy\" decoding=\"async\" class=\"size-full wp-image-143 aligncenter\" src=\"http:\/\/orcq.be\/histoire\/wp-content\/uploads\/sites\/2\/2017\/07\/Le-11-f\u00e9vrier-1916.jpg\" alt=\"\" width=\"386\" height=\"500\" srcset=\"https:\/\/orcq.be\/histoire\/wp-content\/uploads\/sites\/2\/2017\/07\/Le-11-f\u00e9vrier-1916.jpg 386w, https:\/\/orcq.be\/histoire\/wp-content\/uploads\/sites\/2\/2017\/07\/Le-11-f\u00e9vrier-1916-232x300.jpg 232w\" sizes=\"auto, (max-width: 386px) 100vw, 386px\" \/><\/center><\/p>\n<p style=\"text-align: justify;\">Maurice Ponthieu \u00e9tait secr\u00e9taire communal d\u2019Orcq, r\u00e9gisseur des biens de la famille Crombez et il avait \u00e9t\u00e9 instituteur d\u2019Orcq de 1881 \u00e0 1898. Le tr\u00e9sorier du comit\u00e9 d\u2019aide est Charles Comblez et non Cromblez.<br \/>\nLouis Taquet \u00e9tait soldat de la classe 1907 et appartenait au 3e chasseurs \u00e0 pied, il est mort \u00e0 Breendonk (et non Breudouckx) le 4 septembre 1914, soit un mois apr\u00e8s le d\u00e9but des hostilit\u00e9s. Il a d\u2019abord \u00e9t\u00e9 inhum\u00e9 au cimeti\u00e8re de Willebroek pour \u00eatre ensuite rapatri\u00e9 \u00e0 Orcq en juin 1922 et \u00eatre inhum\u00e9 \u00e0 Orcq apr\u00e8s des fun\u00e9railles qui rassembl\u00e8rent une grande foule. Louis Taquet et son \u00e9pouse L\u00e9a Mazurelle avaient trois enfants, dont une fille naquit le 21 octobre 1914 apr\u00e8s son d\u00e9c\u00e8s et un gar\u00e7on Louis Dominique qui fut instituteur \u00e0 Orcq entre les ann\u00e9es trente et septante, et prisonnier de guerre 40 45.<\/p>\n<p style=\"text-align: justify;\">L\u2019\u0153uvre de Mademoiselle Orianne : Jeanne Orianne (1865-1951) fonde au d\u00e9but de la guerre, l&rsquo;\u0152uvre pour l&rsquo;exhumation et l&rsquo;identification des soldats belges. Cette \u0153uvre est probablement cr\u00e9\u00e9e, apr\u00e8s les combats d\u2019 Impde (24 ao\u00fbt), la bataille de Londerzeel (29 septembre) et la retraite jusqu&rsquo;au fort de Breendonk, en septembre 1914. Elle poursuivra son activit\u00e9 jusqu\u2019en mars 1916 lorsqu\u2019elle sera emprisonn\u00e9e par l\u2019occupant pour des raisons obscures. Durant ces 18 mois d\u2019activit\u00e9, elle fera enterrer 3000 soldats. Elle poursuivra son activit\u00e9 apr\u00e8s la guerre.<\/p>\n<h2 style=\"text-align: justify;\"><strong>3 mars 1916<\/strong><\/h2>\n<p style=\"text-align: justify;\"><img loading=\"lazy\" decoding=\"async\" class=\"aligncenter size-full wp-image-135\" src=\"http:\/\/orcq.be\/histoire\/wp-content\/uploads\/sites\/2\/2017\/07\/3-mars-1916.jpg\" alt=\"\" width=\"500\" height=\"222\" srcset=\"https:\/\/orcq.be\/histoire\/wp-content\/uploads\/sites\/2\/2017\/07\/3-mars-1916.jpg 500w, https:\/\/orcq.be\/histoire\/wp-content\/uploads\/sites\/2\/2017\/07\/3-mars-1916-300x133.jpg 300w\" sizes=\"auto, (max-width: 500px) 100vw, 500px\" \/><\/p>\n<p style=\"text-align: justify;\">Confirmation de la nouvelle du d\u00e9c\u00e8s de Louis Taquet ins\u00e9r\u00e9e dans l\u2019\u00e9dition du 11 f\u00e9vrier.<\/p>\n<h2 style=\"text-align: justify;\"><strong>16 mars 1916<\/strong><\/h2>\n<p style=\"text-align: justify;\"><img loading=\"lazy\" decoding=\"async\" class=\"aligncenter size-full wp-image-136\" src=\"http:\/\/orcq.be\/histoire\/wp-content\/uploads\/sites\/2\/2017\/07\/16-mars-1916.jpg\" alt=\"\" width=\"500\" height=\"174\" srcset=\"https:\/\/orcq.be\/histoire\/wp-content\/uploads\/sites\/2\/2017\/07\/16-mars-1916.jpg 500w, https:\/\/orcq.be\/histoire\/wp-content\/uploads\/sites\/2\/2017\/07\/16-mars-1916-300x104.jpg 300w\" sizes=\"auto, (max-width: 500px) 100vw, 500px\" \/><\/p>\n<p style=\"text-align: justify;\">L\u00e9opold Moyart est le cousin germain de Louis Taquet (et non Tacquet). Nous avons parl\u00e9 plus haut d\u2019Amand Nys (et non Armand) prisonnier \u00e0 Soltau.<\/p>\n<h2 style=\"text-align: justify;\"><strong>Printemps 1916<\/strong> (ACD)<\/h2>\n<p style=\"text-align: justify;\">Dans leurs man\u0153uvres ou exercices, les troupes, en avril, foul\u00e8rent aux pieds les r\u00e9coltes dans les environs, \u00e0 Rumes et \u00e0 Mont-Saint-Aubert notamment ; les champs d\u2019aviation firent d\u2019autres importants ravages \u00e0 Ramegnies-Chin, Orcq et Marquain.<\/p>\n<p style=\"text-align: justify;\">C\u2019est la premi\u00e8re mention d\u2019un a\u00e9rodrome \u00e0 Orcq. Cependant le rapport du conseil communal d\u2019Orcq du 8 janvier 1918 mentionne qu\u2019Orcq est devenu le si\u00e8ge d\u2019un champ d\u2019aviation depuis mars 1917 seulement. Nous avons pu retrouver, sur internet, une photo anglaise datant du 14 janvier 1919 repr\u00e9sentant un hangar \u00e0 avions construit \u00e0 Orcq par les Allemands. Selon plusieurs recoupements ce hangar se trouvait au quartier de la Barri\u00e8re, soit juste \u00e0 l\u2019entr\u00e9e d\u2019Orcq en venant de Tournai. La plaine d\u2019aviation se trouvait entre le chemin des Peupliers et le Rieu d\u2019Orcq.<\/p>\n<p style=\"text-align: justify;\"><img loading=\"lazy\" decoding=\"async\" class=\"aligncenter size-full wp-image-137\" src=\"http:\/\/orcq.be\/histoire\/wp-content\/uploads\/sites\/2\/2017\/07\/a\u00e9rodrome-\u00e0-Orcq.png\" alt=\"\" width=\"500\" height=\"354\" srcset=\"https:\/\/orcq.be\/histoire\/wp-content\/uploads\/sites\/2\/2017\/07\/a\u00e9rodrome-\u00e0-Orcq.png 500w, https:\/\/orcq.be\/histoire\/wp-content\/uploads\/sites\/2\/2017\/07\/a\u00e9rodrome-\u00e0-Orcq-300x212.png 300w\" sizes=\"auto, (max-width: 500px) 100vw, 500px\" \/><\/p>\n<p style=\"text-align: justify;\">La photo des archives anglaises (The national Archives) sur internet \u00e9tait munie d\u2019un filigrane, elle a n\u00e9anmoins pu \u00eatre reproduite en restant tr\u00e8s fid\u00e8le \u00e0 l\u2019original. La l\u00e9gende mentionne : 14 1 1919, German hangar, Orcq a\u00e9rodrome.<\/p>\n<p style=\"text-align: justify;\">Toute la zone allant d\u2019 Orcq \u00e0 Froyennes \u00e9tait interdite au public. De nombreux arbres avaient \u00e9t\u00e9 coup\u00e9s et le bois de l\u2019hospice (sur Froyennes) enti\u00e8rement ras\u00e9. La ferme Delneste au bout de l\u2019all\u00e9e des Patriotes fut r\u00e9quisitionn\u00e9e par les Allemands et tout le quartier fut \u00e9vacu\u00e9. La troupe logeait \u00e0 la ferme et les officiers au ch\u00e2teau Crombez.[5] Deux hangars pour avions furent construits \u00e0 proximit\u00e9 de la ferme et deux autres au-del\u00e0 de la chauss\u00e9e de Lille sur les terres Hennequin.[6] Les Allemands effectuaient les tirs de r\u00e9glage de leurs mitrailleuses sur une butte qu\u2019on peut encore apercevoir sur une prairie juste derri\u00e8re la propri\u00e9t\u00e9 de la Marmite.[7]<\/p>\n<p style=\"text-align: justify;\">Une r\u00e9cente vente d\u2019une photo a\u00e9rienne allemande sur eBay, nous a permis de d\u00e9limiter cet a\u00e9rodrome \u00e0 l\u2019est d\u2019Orcq. Sur cette photo datant du 25 septembre 1917, les limites du champ sont surlign\u00e9es en rouge.<\/p>\n<p style=\"text-align: justify;\"><img loading=\"lazy\" decoding=\"async\" class=\"aligncenter size-full wp-image-134\" src=\"http:\/\/orcq.be\/histoire\/wp-content\/uploads\/sites\/2\/2017\/07\/photo-a\u00e9rienne-allemande.jpg\" alt=\"\" width=\"389\" height=\"500\" srcset=\"https:\/\/orcq.be\/histoire\/wp-content\/uploads\/sites\/2\/2017\/07\/photo-a\u00e9rienne-allemande.jpg 389w, https:\/\/orcq.be\/histoire\/wp-content\/uploads\/sites\/2\/2017\/07\/photo-a\u00e9rienne-allemande-233x300.jpg 233w\" sizes=\"auto, (max-width: 389px) 100vw, 389px\" \/><\/p>\n<p style=\"text-align: justify;\">Report sur carte Google Earth 2007 de la photo allemande. Les limites du terrain sont repr\u00e9sent\u00e9es en jaune. Le document original porte quelques renseignements suppl\u00e9mentaires :<\/p>\n<p style=\"text-align: justify;\">\u00c0 l\u2019endroit marqu\u00e9 par une \u00e9toile, un phare de localisation rouge \u00e9tait allum\u00e9 d\u00e8s que les responsables de l\u2019a\u00e9rodrome recevaient un appel t\u00e9l\u00e9phonique annon\u00e7ant l\u2019arriv\u00e9e d\u2019un avion.<br \/>\nLe champ a \u00e9t\u00e9 parfaitement nivel\u00e9 et les chemins qui le traversent sont au m\u00eame niveau que les parcelles de fa\u00e7on \u00e0 permettre des manoeuvres ais\u00e9es.<\/p>\n<h2 style=\"text-align: justify;\"><strong>Le 17 mars 1916<\/strong><\/h2>\n<p style=\"text-align: justify;\"><img loading=\"lazy\" decoding=\"async\" class=\"aligncenter size-full wp-image-144\" src=\"http:\/\/orcq.be\/histoire\/wp-content\/uploads\/sites\/2\/2017\/07\/Le-17-mars-1916.jpg\" alt=\"\" width=\"285\" height=\"500\" srcset=\"https:\/\/orcq.be\/histoire\/wp-content\/uploads\/sites\/2\/2017\/07\/Le-17-mars-1916.jpg 285w, https:\/\/orcq.be\/histoire\/wp-content\/uploads\/sites\/2\/2017\/07\/Le-17-mars-1916-171x300.jpg 171w\" sizes=\"auto, (max-width: 285px) 100vw, 285px\" \/><\/p>\n<p style=\"text-align: justify;\">Environ 80 personnes participent \u00e0 la souscription. Le montant le plus \u00e9lev\u00e9 qui est de 50 francs, repr\u00e9sente environ 125 euros actuels est donn\u00e9 par le bourgmestre Jules Ghislain. Les Crombez, habituels bienfaiteurs des d\u00e9munis qui ont d\u00fb quitter le village, leur ch\u00e2teau ayant \u00e9t\u00e9 r\u00e9quisitionn\u00e9, ne se trouvent pas sur la liste. Plusieurs associations ont \u00e9galement contribu\u00e9 : le corps des volontaires pompiers, la soci\u00e9t\u00e9 de secours mutuels, la soci\u00e9t\u00e9 de jeu de boules et la soci\u00e9t\u00e9 des arbal\u00e9triers. Le r\u00e9sultat global de la souscription est d\u2019environ mille euros.<\/p>\n<h2 style=\"text-align: justify;\"><strong>Le 11 avril 1916<\/strong><\/h2>\n<p style=\"text-align: justify;\">Naissance de L\u00e9onie Luc : c\u2019est \u00e0 notre connaissance, une des deux seules Orcquoises (voir aussi 26 12 1917) n\u00e9es pendant la guerre encore en vie actuellement. Elle a \u00e9t\u00e9 institutrice maternelle \u00e0 Orcq pendant une vingtaine d\u2019ann\u00e9es et une cheville ouvri\u00e8re de l\u2019amicale locale des retrait\u00e9s : \u00ab Les cheveux d\u2019Argent \u00bb<\/p>\n<h2 style=\"text-align: justify;\"><strong>Le 24 mai 1916<\/strong><\/h2>\n<p style=\"text-align: justify;\"><img loading=\"lazy\" decoding=\"async\" class=\"aligncenter size-full wp-image-147\" src=\"http:\/\/orcq.be\/histoire\/wp-content\/uploads\/sites\/2\/2017\/07\/Le-24-mai-1916.jpg\" alt=\"\" width=\"500\" height=\"175\" srcset=\"https:\/\/orcq.be\/histoire\/wp-content\/uploads\/sites\/2\/2017\/07\/Le-24-mai-1916.jpg 500w, https:\/\/orcq.be\/histoire\/wp-content\/uploads\/sites\/2\/2017\/07\/Le-24-mai-1916-300x105.jpg 300w\" sizes=\"auto, (max-width: 500px) 100vw, 500px\" \/><\/p>\n<h2 style=\"text-align: justify;\"><strong>Le 26 juin 1916<\/strong><\/h2>\n<p style=\"text-align: justify;\"><img loading=\"lazy\" decoding=\"async\" class=\"aligncenter size-full wp-image-148\" src=\"http:\/\/orcq.be\/histoire\/wp-content\/uploads\/sites\/2\/2017\/07\/Le-26-juin-1916-1.jpg\" alt=\"\" width=\"500\" height=\"126\" srcset=\"https:\/\/orcq.be\/histoire\/wp-content\/uploads\/sites\/2\/2017\/07\/Le-26-juin-1916-1.jpg 500w, https:\/\/orcq.be\/histoire\/wp-content\/uploads\/sites\/2\/2017\/07\/Le-26-juin-1916-1-300x76.jpg 300w\" sizes=\"auto, (max-width: 500px) 100vw, 500px\" \/> <img loading=\"lazy\" decoding=\"async\" class=\"aligncenter size-full wp-image-149\" src=\"http:\/\/orcq.be\/histoire\/wp-content\/uploads\/sites\/2\/2017\/07\/Le-26-juin-1916-2.jpg\" alt=\"\" width=\"500\" height=\"207\" srcset=\"https:\/\/orcq.be\/histoire\/wp-content\/uploads\/sites\/2\/2017\/07\/Le-26-juin-1916-2.jpg 500w, https:\/\/orcq.be\/histoire\/wp-content\/uploads\/sites\/2\/2017\/07\/Le-26-juin-1916-2-300x124.jpg 300w\" sizes=\"auto, (max-width: 500px) 100vw, 500px\" \/><\/p>\n<p style=\"text-align: justify;\">En ces temps difficiles, les vols alimentaires se multiplient.<\/p>\n<h2 style=\"text-align: justify;\"><strong>Le 24 juillet 1916<\/strong><\/h2>\n<p style=\"text-align: justify;\"><img loading=\"lazy\" decoding=\"async\" class=\"aligncenter size-full wp-image-146\" src=\"http:\/\/orcq.be\/histoire\/wp-content\/uploads\/sites\/2\/2017\/07\/Le-24-juillet-1916.jpg\" alt=\"\" width=\"500\" height=\"303\" srcset=\"https:\/\/orcq.be\/histoire\/wp-content\/uploads\/sites\/2\/2017\/07\/Le-24-juillet-1916.jpg 500w, https:\/\/orcq.be\/histoire\/wp-content\/uploads\/sites\/2\/2017\/07\/Le-24-juillet-1916-300x182.jpg 300w\" sizes=\"auto, (max-width: 500px) 100vw, 500px\" \/><\/p>\n<p style=\"text-align: justify;\">L\u00e9on Degand dont le nom figure sur le monument aux morts d\u2019Orcq, n\u00e9 \u00e0 Orcq le 28 6 1893 \u00e9tait le fils de L\u00e9on et Sidonie Tricot, c\u00e9libataire. Il \u00e9tait de la classe 1913 et \u00e9tait de ce fait rentr\u00e9 en service actif le 16 septembre 1913. Il appartenait au r\u00e9giment du 3e chasseurs \u00e0 pied. Il est mort au combat \u00e0 Dixmude (bruggenhoofd) le 14 juin 1915, il est vraisemblable qu\u2019il soit tomb\u00e9 lors de la d\u00e9fense de la t\u00eate de pont de Beerst Bloote comme le laisse supposer son dossier \u00ab bruggenhoofd \u00bb signifiant &#8211; t\u00eate de pont. Il a \u00e9t\u00e9 enterr\u00e9 initialement au cimeti\u00e8re militaire de Kaaskerke.<\/p>\n<p style=\"text-align: justify;\">Le nom de Maurice Destrebecq figure \u00e9galement sur le monument aux morts du village. Il est n\u00e9 \u00e0 Marquain le 30 juin 1892. Il \u00e9tait le fils de Jules Destrebecq et d\u2019Aim\u00e9e Vantuyne. Il appartenait au 1er r\u00e9giment de grenadiers, soldat de 2\u00e8 classe 1912. Le r\u00e9giment des grenadiers avait \u00e9t\u00e9 fortement d\u00e9cim\u00e9 au cours de la bataille de l\u2019Yser. Il avait \u00e9t\u00e9 reconstitu\u00e9 en 4 bataillons gr\u00e2ce aux recrues, aux volontaires et aux bless\u00e9s gu\u00e9ris, c\u2019est sous cette forme qu\u2019il releva les Fran\u00e7ais aux tranch\u00e9es de Steenstraat de mars \u00e0 juillet 1915, Maurice Destrebecq est mort durant cette p\u00e9riode le 9 avril 1915 (date reprise dans le dossier militaire) \u00e0 Zuidschote (et non Ziedschotte). C\u2019est dans ce secteur que les grenadiers subirent, le 22 avril, la premi\u00e8re attaque allemande par les gaz asphyxiants.<\/p>\n<h2 style=\"text-align: justify;\"><strong>Le 4 ao\u00fbt 1916<\/strong><\/h2>\n<p><center><img loading=\"lazy\" decoding=\"async\" class=\"aligncenter wp-image-141 size-full\" src=\"http:\/\/orcq.be\/histoire\/wp-content\/uploads\/sites\/2\/2017\/07\/Le-4-ao\u00fbt-1916.jpg\" alt=\"\" width=\"500\" height=\"454\" srcset=\"https:\/\/orcq.be\/histoire\/wp-content\/uploads\/sites\/2\/2017\/07\/Le-4-ao\u00fbt-1916.jpg 500w, https:\/\/orcq.be\/histoire\/wp-content\/uploads\/sites\/2\/2017\/07\/Le-4-ao\u00fbt-1916-300x272.jpg 300w\" sizes=\"auto, (max-width: 500px) 100vw, 500px\" \/><\/center><\/p>\n<p style=\"text-align: justify;\">Compte-rendu de l\u2019obit c\u00e9l\u00e9br\u00e9 en l\u2019honneur de L\u00e9on Degand \u00e0 Orcq le lundi 31 juillet 1918.<\/p>\n<h2 style=\"text-align: justify;\"><strong>Le 11 ao\u00fbt 1916<\/strong><\/h2>\n<p style=\"text-align: justify;\"><img loading=\"lazy\" decoding=\"async\" class=\"aligncenter size-full wp-image-142\" src=\"http:\/\/orcq.be\/histoire\/wp-content\/uploads\/sites\/2\/2017\/07\/Le-11-ao\u00fbt-1916.jpg\" alt=\"\" width=\"500\" height=\"123\" srcset=\"https:\/\/orcq.be\/histoire\/wp-content\/uploads\/sites\/2\/2017\/07\/Le-11-ao\u00fbt-1916.jpg 500w, https:\/\/orcq.be\/histoire\/wp-content\/uploads\/sites\/2\/2017\/07\/Le-11-ao\u00fbt-1916-300x74.jpg 300w\" sizes=\"auto, (max-width: 500px) 100vw, 500px\" \/><\/p>\n<p style=\"text-align: justify;\">Son nom figure sur le monument aux morts d\u2019Orcq. Il appartenait, comme Maurice Destrebecq au 1er r\u00e9giment des grenadiers, et comme lui est tomb\u00e9 \u00e0 Zuidschote, mais un mois plus t\u00f4t. Il \u00e9tait le fils de Julia Parent.<\/p>\n<h2 style=\"text-align: justify;\"><strong>Le 18 ao\u00fbt 1916<\/strong><\/h2>\n<p style=\"text-align: justify;\"><img loading=\"lazy\" decoding=\"async\" class=\"aligncenter size-full wp-image-145\" src=\"http:\/\/orcq.be\/histoire\/wp-content\/uploads\/sites\/2\/2017\/07\/Le-18-ao\u00fbt-1916.jpg\" alt=\"\" width=\"500\" height=\"199\" srcset=\"https:\/\/orcq.be\/histoire\/wp-content\/uploads\/sites\/2\/2017\/07\/Le-18-ao\u00fbt-1916.jpg 500w, https:\/\/orcq.be\/histoire\/wp-content\/uploads\/sites\/2\/2017\/07\/Le-18-ao\u00fbt-1916-300x119.jpg 300w\" sizes=\"auto, (max-width: 500px) 100vw, 500px\" \/><\/p>\n<h2 style=\"text-align: justify;\"><strong>Le premier septembre 1916<\/strong><\/h2>\n<p style=\"text-align: justify;\"><img loading=\"lazy\" decoding=\"async\" class=\"aligncenter size-full wp-image-150\" src=\"http:\/\/orcq.be\/histoire\/wp-content\/uploads\/sites\/2\/2017\/07\/Le-premier-septembre-1916.jpg\" alt=\"\" width=\"500\" height=\"152\" srcset=\"https:\/\/orcq.be\/histoire\/wp-content\/uploads\/sites\/2\/2017\/07\/Le-premier-septembre-1916.jpg 500w, https:\/\/orcq.be\/histoire\/wp-content\/uploads\/sites\/2\/2017\/07\/Le-premier-septembre-1916-300x91.jpg 300w\" sizes=\"auto, (max-width: 500px) 100vw, 500px\" \/><\/p>\n<h2 style=\"text-align: justify;\"><strong>Le 15 mai 1917<\/strong><\/h2>\n<p style=\"text-align: justify;\">Par l\u2019avis[9] 10981 de l\u2019 \u00ab Etappen Kommandantur \u00bb de Tournai du 5 mai, les paquets \u00e0 destination des \u00ab ouvriers civils \u00bb[10] d\u2019Orcq pourront \u00eatre d\u00e9pos\u00e9s entre 9 heures et 12 heures. Cet avis comporte une annexe mettant en garde les d\u00e9posants. L\u2019envoi d\u2019argent, l\u2019adjonction de communications \u00e9crites ou d\u2019objets fragiles est strictement interdite et peut faire l\u2019objet d\u2019amendes pouvant atteindre 10000 marks. Ce n\u2019est que l\u2019une des nombreuses contraintes que les habitants du village durent subir pendant les quatre ann\u00e9es d\u2019occupation.<\/p>\n<h2 style=\"text-align: justify;\"><strong>Le 3 juillet 1917<\/strong><\/h2>\n<p style=\"text-align: justify;\"><img loading=\"lazy\" decoding=\"async\" class=\"aligncenter size-full wp-image-140\" src=\"http:\/\/orcq.be\/histoire\/wp-content\/uploads\/sites\/2\/2017\/07\/Le-3-juillet-1917.jpg\" alt=\"\" width=\"500\" height=\"307\" srcset=\"https:\/\/orcq.be\/histoire\/wp-content\/uploads\/sites\/2\/2017\/07\/Le-3-juillet-1917.jpg 500w, https:\/\/orcq.be\/histoire\/wp-content\/uploads\/sites\/2\/2017\/07\/Le-3-juillet-1917-300x184.jpg 300w\" sizes=\"auto, (max-width: 500px) 100vw, 500px\" \/><\/p>\n<p style=\"text-align: justify;\">Encore des vols alimentaires\u2026<\/p>\n<h2 style=\"text-align: justify;\"><strong>Le 25 juillet 1917 (ACD)<\/strong><\/h2>\n<p style=\"text-align: justify;\">Dans la nuit, des bombes \u00e9tant tomb\u00e9es dans le parc de Mr Crombez \u00e0 Orcq, o\u00f9 \u00e9taient install\u00e9s des abris pour avions allemands et des tentes pour aviateurs, ceux-ci ont fui sans essayer d\u2019attaquer leurs adversaires.<\/p>\n<h2 style=\"text-align: justify;\"><strong>Ao\u00fbt 1917 (ACD)<\/strong><\/h2>\n<p style=\"text-align: justify;\">\u00c0 Orcq (sans doute en ao\u00fbt) on fit couper 40 \u00e0 45 ha de moisson et cette aire consid\u00e9rable fut convertie en champ d\u2019aviation.<br \/>\nLes chutes de bombes deviennent fr\u00e9quentes. Il en tombe notamment dans le parc de Mr Crombez \u00e0 Orcq fin ao\u00fbt.<\/p>\n<h2 style=\"text-align: justify;\"><strong>Septembre 1917<\/strong><\/h2>\n<p style=\"text-align: justify;\">L\u2019abb\u00e9 Dupire cur\u00e9 d\u2019Orcq, dans un rapport \u00e9crit en 1919 sur la situation de la paroisse durant la guerre d\u00e9crit des ennuis caus\u00e9s par les Allemands \u00e0 la famille du bourgmestre d\u2019Orcq :<\/p>\n<p style=\"text-align: justify;\">\u00ab Poursuites judiciaires M. Ghislain, bourgmestre, voulut, un matin, faire dispara\u00eetre par le feu un amas de mauvaises herbes sur un champ. Le feu couva toute la journ\u00e9e ; vers le soir, un vent violent l\u2019activa et fit jaillir des flammes. Ce m\u00eame soir des avions alli\u00e9s vinrent jeter des bombes sur le champ d\u2019aviation des Allemands. M. Ghislain fut de ce fait accus\u00e9 d\u2019avoir donn\u00e9 un signal aux alli\u00e9s ; il fut arr\u00eat\u00e9 ainsi que ses trois fils, et tous quatre furent expuls\u00e9s du village avec d\u00e9fense d\u2019y entrer. Un peu plus tard, les Allemands reconnurent leur innocence, ce qui ne les emp\u00eacha pas de maintenir l\u2019arr\u00eat d\u2019expulsion pendant 4 mois (sept. Oct. Nov. Et d\u00e9c. 1917) \u00bb[11]<br \/>\nCette vigilance allemande peut s\u2019expliquer par la proximit\u00e9 du champ d\u2019aviation.<\/p>\n<h2 style=\"text-align: justify;\"><strong>Le 21 octobre 1917<\/strong><\/h2>\n<p style=\"text-align: justify;\">Le conseil communal d\u00e9cide de faire un emprunt de 80000 francs pour faire face aux r\u00e9quisitions pour le logement des troupes de l\u2019arm\u00e9e d\u2019occupation.<\/p>\n<h2 style=\"text-align: justify;\"><strong>Le 26 d\u00e9cembre 1917<\/strong><\/h2>\n<p style=\"text-align: justify;\">Naissance de Marie Louise Ponthieu : c\u2019est \u00e0 notre connaissance, une des deux seules Orcquoises (voir aussi 11 4 1916) n\u00e9es pendant la guerre encore en vie actuellement.<\/p>\n<h2 style=\"text-align: justify;\"><strong>Du 20 octobre au 8 novembre 1918<\/strong><\/h2>\n<p style=\"text-align: justify;\">L\u2019offensive finale des Arm\u00e9es alli\u00e9es laissera des traces \u00e0 Orcq. L\u2019opini\u00e2tret\u00e9 des Allemands \u00e0 d\u00e9fendre l\u2019Escaut, fera que le front passera par le village entre le 20 octobre et le 8 novembre, date \u00e0 laquelle les Allemands quittent Tournai. C\u2019est la 74e division britannique des \u00ab Fife and Forfar Yeomanry \u00bb de la cinqui\u00e8me arm\u00e9e britannique qui m\u00e8nera les op\u00e9rations \u00e0 Orcq.[12]<\/p>\n<h2 style=\"text-align: justify;\"><strong>Le 20 octobre 1918<\/strong><\/h2>\n<p style=\"text-align: justify;\">Une patrouille anglaise du \u00ab King\u2019s Edward Horse \u00bb rencontre les Allemands \u00e0 Marquain, un des leurs est tu\u00e9 et un bless\u00e9. Le soir l\u2019infanterie anglaise tient Marquain.<br \/>\nLe m\u00eame jour les soldats du r\u00e9giment \u00ab Somerset light infantry \u00bb essaient de progresser vers Orcq et attaquent au cr\u00e9puscule. Le village est vigoureusement d\u00e9fendu par les Allemands arm\u00e9s de mitrailleuses derri\u00e8re des barbel\u00e9s. L\u2019avance des Anglais est minime.<\/p>\n<h2 style=\"text-align: justify;\"><strong>Le 21 octobre 1918<\/strong><\/h2>\n<p style=\"text-align: justify;\">D\u00e9c\u00e8s du soldat G. W. Hill (16)[13] du r\u00e9giment \u00ab Somerset light infantry \u00bb. Ce militaire et ceux dont les noms suivent ayant \u00e9t\u00e9 inhum\u00e9s au cimeti\u00e8re d\u2019Orcq, on peut pr\u00e9sumer qu\u2019ils sont d\u00e9c\u00e9d\u00e9s sur le territoire de la commune.<br \/>\nLes Allemands incendient le moulin Lagache non loin d\u2019Orcq. Les Anglais sont au Trieu du Loquet \u00e0 Froyennes, \u00e0 Marquain, Pic au vent, Ere, et leurs obus poursuivent dans Orcq, Froyennes, Allain, Rumillies et Warchin de nombreuses batteries qui s\u2019y cachent (D\u2019apr\u00e8s le communiqu\u00e9 particulier \u00e0 la division allemande d\u00e9fendant Tournai, \u00e0 la date du 21 octobre. [14]<\/p>\n<h2 style=\"text-align: justify;\"><strong>Le 22 octobre 1918<\/strong><\/h2>\n<p style=\"text-align: justify;\">D\u00e9c\u00e8s des soldats William Gordon Williams (14) 19 ans et Henry Malpass (15) du r\u00e9giment \u00ab Somerset light infantry \u00bb<\/p>\n<h2 style=\"text-align: justify;\"><strong>Le 23 octobre 1918<\/strong><\/h2>\n<p style=\"text-align: justify;\">Une compagnie du r\u00e9giment des \u00ab Black Watch \u00bb qui a succ\u00e9d\u00e9 aux \u00ab Somerset \u00bb teste l\u2019ennemi et gagne du terrain, mais en face de l\u2019opini\u00e2tret\u00e9 des Allemands est oblig\u00e9e de se retirer. Huit militaires anglais sont tu\u00e9s : le second lieutenant Frederick Kenneth Cumming (2) 18 ans, Thomas Cockburn (3), le soldat de seconde classe (lance corporal) Richard Izatt (1) 35 ans, les soldats Thomas Waller (4), Thomas R. Bartie (5) 33 ans, John Barber (6) 21 ans, Edward Sowerby (7) 25 ans et Andrew Webb (8) 22 ans. Les bless\u00e9s sont au nombre de 28.<\/p>\n<h2 style=\"text-align: justify;\"><strong>Le 23 octobre 1918 (ACD)<\/strong><\/h2>\n<p style=\"text-align: justify;\">Le 23 octobre 1918 les Anglais ont p\u00e9n\u00e9tr\u00e9 par le faubourg de Lille jusqu\u2019\u00e0 la plaine des man\u0153uvres. Malheureusement le feu des mitrailleuses les force \u00e0 reculer. Les Anglais occupent le ch\u00e2teau d\u2019Orcq \u00e0 demi d\u00e9truit.<br \/>\nSi l\u2019on en croit cette source l\u2019attaque des \u00ab Black Watch \u00bb, les aurait men\u00e9s jusqu\u2019aux portes de Tournai pour ensuite se replier sur le village. Un historien local[15] faisant autorit\u00e9 dans cette mati\u00e8re affirme cependant qu\u2019il est impossible que les Anglais aient fait une perc\u00e9e jusque la plaine des man\u0153uvres de Tournai d\u00e8s le 23 octobre.<br \/>\nOn sait aussi que les Crombez, propri\u00e9taires de la Marli\u00e8re, en rentrant chez eux apr\u00e8s la guerre, ont trouv\u00e9 un ch\u00e2teau dont il ne restait que les murs ext\u00e9rieurs. Min\u00e9 par les Allemands, l\u2019\u00e9difice avait explos\u00e9 lors de l\u2019offensive finale \u00e0 une date non pr\u00e9cis\u00e9e. Ce t\u00e9moignage laisse pr\u00e9sumer que cette destruction a d\u00fb avoir lieu le 23 octobre ou dans les jours pr\u00e9c\u00e9dents.<br \/>\n<img loading=\"lazy\" decoding=\"async\" class=\"aligncenter size-full wp-image-152\" src=\"http:\/\/orcq.be\/histoire\/wp-content\/uploads\/sites\/2\/2017\/07\/Militaires-allemands-photographi\u00e9s.jpg\" alt=\"\" width=\"500\" height=\"308\" srcset=\"https:\/\/orcq.be\/histoire\/wp-content\/uploads\/sites\/2\/2017\/07\/Militaires-allemands-photographi\u00e9s.jpg 500w, https:\/\/orcq.be\/histoire\/wp-content\/uploads\/sites\/2\/2017\/07\/Militaires-allemands-photographi\u00e9s-300x185.jpg 300w\" sizes=\"auto, (max-width: 500px) 100vw, 500px\" \/><\/p>\n<p style=\"text-align: justify;\">Militaires allemands photographi\u00e9s dans le parc de la Marli\u00e8re[16]. A l\u2019arri\u00e8re-plan, la fa\u00e7ade avant du Ch\u00e2teau Crombez.[17] Le deuxi\u00e8me personnage \u00e0 partir de la droite ressemble, \u00e0 s\u2019y m\u00e9prendre, au \u00ab Baron rouge \u00bb, Manfred Von Richthofen, le pilote aux 80 victoires. Le premier \u00e0 partir de la droite pourrait \u00eatre un autre as allemand, Erich L\u00f6wenhardt. Ces informations sont \u00e9crites au conditionnel et si un lecteur peut nous en dire plus, c\u2019est avec plaisir que nous recevrions ses commentaires.<\/p>\n<h2 style=\"text-align: justify;\"><strong>Le 24 octobre 1918<\/strong><\/h2>\n<p style=\"text-align: justify;\">Dans le rapport de l\u2019abb\u00e9 Dupire (voir septembre 1917), on peut lire :<br \/>\n\u00ab L\u2019\u00e9vacuation compl\u00e8te du village fut faite le 24 octobre par ordre des autorit\u00e9s britanniques en vue du bombardement qu\u2019on allait essuyer et dont le village a vraiment beaucoup souffert. \u00bb<\/p>\n<p style=\"text-align: justify;\">Il \u00e9crit aussi :<br \/>\n\u00ab Le territoire de la commune referme un parc assez grand dont les replis de terrain et les broussailles se pr\u00eatent \u00e0 cacher des groupes de tirailleurs et de mitrailleuses ; les Allemands les mirent \u00e0 profit fin octobre et commencement de novembre 1918. \u00bb<\/p>\n<p style=\"text-align: justify;\">Deux soldats de l\u2019artillerie de campagne britannique de la \u00ab Royal Airfield Artillery \u00bb sont tu\u00e9s : le bombardier Henry Baybrook Tucker (12) 24 ans et le fusiller Charles Alfred Christenson (13) 20 ans.<\/p>\n<h2 style=\"text-align: justify;\"><strong>Le 25 octobre 1918<\/strong><\/h2>\n<p style=\"text-align: justify;\">Les canons anglais positionn\u00e9s \u00e0 Orcq, tirent des obus sur le clocher de la chapelle de l\u2019h\u00f4pital civil pour d\u00e9loger les vigies allemandes qui s\u2019y trouvent.[18]<\/p>\n<h2 style=\"text-align: justify;\"><strong>Le 26 octobre 1918<\/strong><\/h2>\n<p style=\"text-align: justify;\">Naissance \u00e0 Lamain de Julien Luc. En soi cette naissance peut para\u00eetre anodine, mais ses parents Jules et Cl\u00e9mence Ghislain sont agriculteurs \u00e0 Orcq qu\u2019ils ont d\u00fb \u00e9vacuer.<\/p>\n<h2 style=\"text-align: justify;\"><strong>28 octobre 1918<\/strong><\/h2>\n<p style=\"text-align: justify;\">Le soldat Albert Simpkins (11) du r\u00e9giment des \u00ab Buffs (East Kent) \u00bb qui ont succ\u00e9d\u00e9 aux \u00ab Black Watch \u00bb d\u00e8s le 24 octobre, est tu\u00e9.<\/p>\n<h2 style=\"text-align: justify;\"><strong>Le 29 octobre 1918<\/strong><\/h2>\n<p style=\"text-align: justify;\">Le soldat Thomas Henry Edwin Browne (10) 28 ans, du m\u00eame r\u00e9giment est tu\u00e9.<\/p>\n<h2 style=\"text-align: justify;\"><strong>Le 30 octobre 1918<\/strong><\/h2>\n<p style=\"text-align: justify;\">La 103e escadrille britannique, bas\u00e9e \u00e0 Ronchain et men\u00e9e par le capitaine Dodds attaque des objectifs situ\u00e9s \u00e0 Orcq.<br \/>\nL\u2019artillerie anglaise situ\u00e9e \u00e0 Orcq et Froyennes tire sur les nids de canons allemands situ\u00e9s \u00e0 Allain et Chercq.[19]<\/p>\n<h2 style=\"text-align: justify;\"><strong>Le 6 novembre 1918<\/strong><\/h2>\n<p style=\"text-align: justify;\">Le soldat Owen Davies (9) 33 ans, du r\u00e9giment des \u00ab Welsh \u00bb est tu\u00e9. C\u2019est son r\u00e9giment qui sera le premier \u00e0 rentrer \u00e0 Tournai le 8 novembre pour lib\u00e9rer la ville apr\u00e8s plus de quatre ann\u00e9es d\u2019occupation allemande.<br \/>\n<img loading=\"lazy\" decoding=\"async\" class=\"aligncenter size-full wp-image-151\" src=\"http:\/\/orcq.be\/histoire\/wp-content\/uploads\/sites\/2\/2017\/07\/Le-soldat-Owen-Davies.jpg\" alt=\"\" width=\"500\" height=\"390\" srcset=\"https:\/\/orcq.be\/histoire\/wp-content\/uploads\/sites\/2\/2017\/07\/Le-soldat-Owen-Davies.jpg 500w, https:\/\/orcq.be\/histoire\/wp-content\/uploads\/sites\/2\/2017\/07\/Le-soldat-Owen-Davies-300x234.jpg 300w\" sizes=\"auto, (max-width: 500px) 100vw, 500px\" \/><br \/>\nLa photo ci-dessous montre la disposition des tombes britanniques au cimeti\u00e8re d\u2019Orcq. De 1 \u00e0 8 se trouvent les tombes des \u00ab Black Watch \u00bb. La tombe N\u00b0 1 est celle de Richard Izatt, mise un peu \u00e0 l\u2019\u00e9cart on ne sait pour quelle raison. Les tombes 2 \u00e0 8 sont celles des autres militaires du r\u00e9giment tomb\u00e9s tous le 23 octobre. Le fait que les pierres soient accol\u00e9es est tr\u00e8s symbolique de la mort qui les a unis au m\u00eame moment.<br \/>\nOrcq est ainsi lib\u00e9r\u00e9 3 jours avant l\u2019Armistice. Le bilan est lourd : sur environ 600 habitants, 7 sont morts au combat, 6 en d\u00e9portation[20] et 26 sont revenus vivants apr\u00e8s 4 ann\u00e9es de souffrance. L\u2019offensive finale a fauch\u00e9 16 soldats alli\u00e9s, Anglais, Ecossais et Gallois qui reposent au cimeti\u00e8re et laiss\u00e9 aussi de nombreux bless\u00e9s ainsi qu\u2019un nombre consid\u00e9rable de victimes allemandes.<br \/>\nDu c\u00f4t\u00e9 mat\u00e9riel, trois fermes ont \u00e9t\u00e9 d\u00e9truites \u00e0 la Barri\u00e8re ainsi que le ch\u00e2teau de la Marli\u00e8re.<br \/>\nNous r\u00e9unissons actuellement des informations sur les victimes britanniques de l\u2019offensive finale. Pour autant que nos recherches soient fructueuses, les r\u00e9sultats seront publi\u00e9s sur ce blog ult\u00e9rieurement.<\/p>\n<p style=\"text-align: justify;\"><img loading=\"lazy\" decoding=\"async\" class=\"aligncenter size-full wp-image-138\" src=\"http:\/\/orcq.be\/histoire\/wp-content\/uploads\/sites\/2\/2017\/07\/L\u2019insigne-des-Black-Watch.jpg\" alt=\"\" width=\"190\" height=\"186\"><br \/>\nL\u2019insigne des \u00ab Black Watch \u00bb tel qu\u2019il appara\u00eet sur les tombes 1 \u00e0 8 du cimeti\u00e8re. Au-dessus on peut lire la devise du r\u00e9giment : \u00ab Nemo me impune lacessit \u00bb \u00ab Nul ne me provoquera impun\u00e9ment \u00bb. Au centre est repr\u00e9sent\u00e9 Saint Andr\u00e9, patron de l\u2019Ecosse et la croix de son martyre.<\/p>\n<hr>\n<p style=\"text-align: justify;\">[1] Collection Robert Trifin, qui a autoris\u00e9 les Archives de l\u2019Etat \u00e0 Tournai de scanner sa collection qui y est d\u00e9sormais consultable<\/p>\n<p style=\"text-align: justify;\">[2] La zone d\u2019\u00e9tape s\u2019\u00e9tendait jusqu\u2019 environ 50 km du front, l\u2019administration y \u00e9tait assur\u00e9e par l\u2019arm\u00e9e.<\/p>\n<p style=\"text-align: justify;\">[3] Revue Ligne 4 N\u00b02 novembre 2002 : le Tournaisis redeviendra zone d\u2019\u00e9tape en septembre 1916.<\/p>\n<p style=\"text-align: justify;\">[4] J. DELROT a repris cette chronique dans les tomes VI (1989), VII (1992) et IX (1997) des \u00ab M\u00e9moires de la Soci\u00e9t\u00e9 Royale d\u2019Histoire et d\u2019Arch\u00e9ologie de Tournai)<\/p>\n<p style=\"text-align: justify;\">[5] \u00c0 la Marli\u00e8re qui deviendra plus tard propri\u00e9t\u00e9 de la famille Horlait et actuellement de la famille Letartre<\/p>\n<p style=\"text-align: justify;\">[6] Henri Degallaix grand-p\u00e8re de Jean Degallaix qui exploite la ferme \u00e0 la Barri\u00e8re d\u2019Orcq, avait \u00e9pous\u00e9 Anna Hennequin<\/p>\n<p style=\"text-align: justify;\">[7] D. VAN DEN BROUCKE, Regards sur la guerre a\u00e9rienne en Hainaut occidental, N\u00b0 2 1997<\/p>\n<p style=\"text-align: justify;\">[9] Documentation R. Trifin<\/p>\n<p style=\"text-align: justify;\">[10] C\u2019est ainsi que les occupants d\u00e9signent les d\u00e9port\u00e9s et les prisonniers civils.<\/p>\n<p style=\"text-align: justify;\">[11] Archives de la cath\u00e9drale de Tournai<\/p>\n<p style=\"text-align: justify;\">[12] C. H. DUDLEY WARD, The 74th Yeomanry division in Syria and France, John Murray, Londres 1922<\/p>\n<p style=\"text-align: justify;\">D. D. OGILVY, The Fife and Forfar Yeomanry, John Murray, Londres 1921<\/p>\n<p style=\"text-align: justify;\">[13] Le num\u00e9ro entre parenth\u00e8ses qui suit les noms des militaires anglais tu\u00e9s \u00e0 Orcq correspond au num\u00e9ro de leur tombe au cimeti\u00e8re du village \u2013 voir photo en fin d\u2019article.<\/p>\n<p style=\"text-align: justify;\">[14] Ouvrage collectif, A la gloire des Tournaisiens morts pour la patrie 1914-1918, Lucq et Delcourt Vasseur, Tournai 1923 p. 67<\/p>\n<p style=\"text-align: justify;\">[15] J. DECEUNINCK auteurs de nombreux ouvrages sur l\u2019histoire militaire du Tournaisis<\/p>\n<p style=\"text-align: justify;\">[16] Photo aimablement fournie par Jean Cambier.<\/p>\n<p style=\"text-align: justify;\">[17] Photo aimablement fournie par Jacques Descarpentry.<\/p>\n<p style=\"text-align: justify;\">[18] Ouvrage collectif, A la gloire des Tournaisiens morts pour la patrie 1914-1918, Lucq et Delcourt Vasseur, Tournai 1923 p. 70<\/p>\n<p style=\"text-align: justify;\">[19] Ouvrage collectif, A la gloire des Tournaisiens morts pour la patrie 1914-1918 , Lucq et Delcourt Vasseur, Tournai 1923 p. 71<\/p>\n<p style=\"text-align: justify;\">[20] B. DEMAIRE, Combattants orcquois de la guerre 1914-1918, http:\/\/marottesderetraites.skynetblogs.be\/g4-combattants-&#8230; , onglet Gd.<\/p>\n","protected":false},"excerpt":{"rendered":"<p>Introduction Sources principales : Bulletin r\u00e9gional du courrier de l\u2019Escaut.[1]Dans son premier num\u00e9ro dat\u00e9 du 8 novembre 1915, l\u2019\u00e9diteur du bulletin explique les raisons de sa parution : Les journaux tournaisiens ont cess\u00e9 de para\u00eetre au d\u00e9but d\u2019octobre 1914. Le maintien de la r\u00e9gion de Tournai dans la zone d\u2019\u00e9tape[2] de Valenciennes jusqu\u2019en juillet 1915[3] [&hellip;]<\/p>\n","protected":false},"author":2,"featured_media":1198,"comment_status":"open","ping_status":"open","sticky":false,"template":"","format":"standard","meta":{"_monsterinsights_skip_tracking":false,"_monsterinsights_sitenote_active":false,"_monsterinsights_sitenote_note":"","_monsterinsights_sitenote_category":0,"footnotes":""},"categories":[3],"tags":[],"class_list":{"0":"post-455","1":"post","2":"type-post","3":"status-publish","4":"format-standard","5":"has-post-thumbnail","7":"category-14-18","8":"czr-hentry"},"yoast_head":"<!-- This site is optimized with the Yoast SEO plugin v27.4 - https:\/\/yoast.com\/product\/yoast-seo-wordpress\/ -->\n<title>Orcq, chronologie de la guerre 1914-1918 (Bernard Demaire et Robert Trifin) &#8226; ORCQ.be - L&#039;Histoire<\/title>\n<meta name=\"robots\" content=\"index, follow, max-snippet:-1, max-image-preview:large, max-video-preview:-1\" \/>\n<link rel=\"canonical\" href=\"https:\/\/orcq.be\/histoire\/2017\/07\/26\/orcq-chronologie-de-guerre-1914-1918-bernard-demaire-robert-trifin\/\" \/>\n<meta property=\"og:locale\" content=\"fr_FR\" \/>\n<meta property=\"og:type\" content=\"article\" \/>\n<meta property=\"og:title\" content=\"Orcq, chronologie de la guerre 1914-1918 (Bernard Demaire et Robert Trifin) &#8226; ORCQ.be - L&#039;Histoire\" \/>\n<meta property=\"og:description\" content=\"Introduction Sources principales : Bulletin r\u00e9gional du courrier de l\u2019Escaut.[1]Dans son premier num\u00e9ro dat\u00e9 du 8 novembre 1915, l\u2019\u00e9diteur du bulletin explique les raisons de sa parution : Les journaux tournaisiens ont cess\u00e9 de para\u00eetre au d\u00e9but d\u2019octobre 1914. Le maintien de la r\u00e9gion de Tournai dans la zone d\u2019\u00e9tape[2] de Valenciennes jusqu\u2019en juillet 1915[3] [&hellip;]\" \/>\n<meta property=\"og:url\" content=\"https:\/\/orcq.be\/histoire\/2017\/07\/26\/orcq-chronologie-de-guerre-1914-1918-bernard-demaire-robert-trifin\/\" \/>\n<meta property=\"og:site_name\" content=\"ORCQ.be - L&#039;Histoire\" \/>\n<meta property=\"article:publisher\" content=\"https:\/\/www.facebook.com\/villageorcq\" \/>\n<meta property=\"article:published_time\" content=\"2017-07-26T15:39:39+00:00\" \/>\n<meta property=\"article:modified_time\" content=\"2020-12-29T11:02:30+00:00\" \/>\n<meta property=\"og:image\" content=\"https:\/\/orcq.be\/histoire\/wp-content\/uploads\/sites\/2\/2017\/07\/BANDEAU-ORCQ-VON-RICHTHBIS-scaled.jpg\" \/>\n\t<meta property=\"og:image:width\" content=\"2560\" \/>\n\t<meta property=\"og:image:height\" content=\"721\" \/>\n\t<meta property=\"og:image:type\" content=\"image\/jpeg\" \/>\n<meta name=\"author\" content=\"francoismanche\" \/>\n<meta name=\"twitter:card\" content=\"summary_large_image\" \/>\n<meta name=\"twitter:label1\" content=\"\u00c9crit par\" \/>\n\t<meta name=\"twitter:data1\" content=\"francoismanche\" \/>\n\t<meta name=\"twitter:label2\" content=\"Dur\u00e9e de lecture estim\u00e9e\" \/>\n\t<meta name=\"twitter:data2\" content=\"20 minutes\" \/>\n<script type=\"application\/ld+json\" class=\"yoast-schema-graph\">{\"@context\":\"https:\\\/\\\/schema.org\",\"@graph\":[{\"@type\":\"Article\",\"@id\":\"https:\\\/\\\/orcq.be\\\/histoire\\\/2017\\\/07\\\/26\\\/orcq-chronologie-de-guerre-1914-1918-bernard-demaire-robert-trifin\\\/#article\",\"isPartOf\":{\"@id\":\"https:\\\/\\\/orcq.be\\\/histoire\\\/2017\\\/07\\\/26\\\/orcq-chronologie-de-guerre-1914-1918-bernard-demaire-robert-trifin\\\/\"},\"author\":{\"name\":\"francoismanche\",\"@id\":\"https:\\\/\\\/orcq.be\\\/histoire\\\/#\\\/schema\\\/person\\\/3453b8acec82b56cc57799c49f7d9e69\"},\"headline\":\"Orcq, chronologie de la guerre 1914-1918 (Bernard Demaire et Robert Trifin)\",\"datePublished\":\"2017-07-26T15:39:39+00:00\",\"dateModified\":\"2020-12-29T11:02:30+00:00\",\"mainEntityOfPage\":{\"@id\":\"https:\\\/\\\/orcq.be\\\/histoire\\\/2017\\\/07\\\/26\\\/orcq-chronologie-de-guerre-1914-1918-bernard-demaire-robert-trifin\\\/\"},\"wordCount\":4073,\"commentCount\":0,\"image\":{\"@id\":\"https:\\\/\\\/orcq.be\\\/histoire\\\/2017\\\/07\\\/26\\\/orcq-chronologie-de-guerre-1914-1918-bernard-demaire-robert-trifin\\\/#primaryimage\"},\"thumbnailUrl\":\"https:\\\/\\\/orcq.be\\\/histoire\\\/wp-content\\\/uploads\\\/sites\\\/2\\\/2017\\\/07\\\/BANDEAU-ORCQ-VON-RICHTHBIS-scaled.jpg\",\"articleSection\":[\"14 - 18\"],\"inLanguage\":\"fr-FR\",\"potentialAction\":[{\"@type\":\"CommentAction\",\"name\":\"Comment\",\"target\":[\"https:\\\/\\\/orcq.be\\\/histoire\\\/2017\\\/07\\\/26\\\/orcq-chronologie-de-guerre-1914-1918-bernard-demaire-robert-trifin\\\/#respond\"]}]},{\"@type\":\"WebPage\",\"@id\":\"https:\\\/\\\/orcq.be\\\/histoire\\\/2017\\\/07\\\/26\\\/orcq-chronologie-de-guerre-1914-1918-bernard-demaire-robert-trifin\\\/\",\"url\":\"https:\\\/\\\/orcq.be\\\/histoire\\\/2017\\\/07\\\/26\\\/orcq-chronologie-de-guerre-1914-1918-bernard-demaire-robert-trifin\\\/\",\"name\":\"Orcq, chronologie de la guerre 1914-1918 (Bernard Demaire et Robert Trifin) &#8226; ORCQ.be - L&#039;Histoire\",\"isPartOf\":{\"@id\":\"https:\\\/\\\/orcq.be\\\/histoire\\\/#website\"},\"primaryImageOfPage\":{\"@id\":\"https:\\\/\\\/orcq.be\\\/histoire\\\/2017\\\/07\\\/26\\\/orcq-chronologie-de-guerre-1914-1918-bernard-demaire-robert-trifin\\\/#primaryimage\"},\"image\":{\"@id\":\"https:\\\/\\\/orcq.be\\\/histoire\\\/2017\\\/07\\\/26\\\/orcq-chronologie-de-guerre-1914-1918-bernard-demaire-robert-trifin\\\/#primaryimage\"},\"thumbnailUrl\":\"https:\\\/\\\/orcq.be\\\/histoire\\\/wp-content\\\/uploads\\\/sites\\\/2\\\/2017\\\/07\\\/BANDEAU-ORCQ-VON-RICHTHBIS-scaled.jpg\",\"datePublished\":\"2017-07-26T15:39:39+00:00\",\"dateModified\":\"2020-12-29T11:02:30+00:00\",\"author\":{\"@id\":\"https:\\\/\\\/orcq.be\\\/histoire\\\/#\\\/schema\\\/person\\\/3453b8acec82b56cc57799c49f7d9e69\"},\"breadcrumb\":{\"@id\":\"https:\\\/\\\/orcq.be\\\/histoire\\\/2017\\\/07\\\/26\\\/orcq-chronologie-de-guerre-1914-1918-bernard-demaire-robert-trifin\\\/#breadcrumb\"},\"inLanguage\":\"fr-FR\",\"potentialAction\":[{\"@type\":\"ReadAction\",\"target\":[\"https:\\\/\\\/orcq.be\\\/histoire\\\/2017\\\/07\\\/26\\\/orcq-chronologie-de-guerre-1914-1918-bernard-demaire-robert-trifin\\\/\"]}]},{\"@type\":\"ImageObject\",\"inLanguage\":\"fr-FR\",\"@id\":\"https:\\\/\\\/orcq.be\\\/histoire\\\/2017\\\/07\\\/26\\\/orcq-chronologie-de-guerre-1914-1918-bernard-demaire-robert-trifin\\\/#primaryimage\",\"url\":\"https:\\\/\\\/orcq.be\\\/histoire\\\/wp-content\\\/uploads\\\/sites\\\/2\\\/2017\\\/07\\\/BANDEAU-ORCQ-VON-RICHTHBIS-scaled.jpg\",\"contentUrl\":\"https:\\\/\\\/orcq.be\\\/histoire\\\/wp-content\\\/uploads\\\/sites\\\/2\\\/2017\\\/07\\\/BANDEAU-ORCQ-VON-RICHTHBIS-scaled.jpg\",\"width\":2560,\"height\":721},{\"@type\":\"BreadcrumbList\",\"@id\":\"https:\\\/\\\/orcq.be\\\/histoire\\\/2017\\\/07\\\/26\\\/orcq-chronologie-de-guerre-1914-1918-bernard-demaire-robert-trifin\\\/#breadcrumb\",\"itemListElement\":[{\"@type\":\"ListItem\",\"position\":1,\"name\":\"Accueil\",\"item\":\"https:\\\/\\\/orcq.be\\\/histoire\\\/\"},{\"@type\":\"ListItem\",\"position\":2,\"name\":\"Orcq, chronologie de la guerre 1914-1918 (Bernard Demaire et Robert Trifin)\"}]},{\"@type\":\"WebSite\",\"@id\":\"https:\\\/\\\/orcq.be\\\/histoire\\\/#website\",\"url\":\"https:\\\/\\\/orcq.be\\\/histoire\\\/\",\"name\":\"ORCQ.be - L&#039;Histoire\",\"description\":\"Histoire de Orcq\",\"potentialAction\":[{\"@type\":\"SearchAction\",\"target\":{\"@type\":\"EntryPoint\",\"urlTemplate\":\"https:\\\/\\\/orcq.be\\\/histoire\\\/?s={search_term_string}\"},\"query-input\":{\"@type\":\"PropertyValueSpecification\",\"valueRequired\":true,\"valueName\":\"search_term_string\"}}],\"inLanguage\":\"fr-FR\"},{\"@type\":\"Person\",\"@id\":\"https:\\\/\\\/orcq.be\\\/histoire\\\/#\\\/schema\\\/person\\\/3453b8acec82b56cc57799c49f7d9e69\",\"name\":\"francoismanche\",\"image\":{\"@type\":\"ImageObject\",\"inLanguage\":\"fr-FR\",\"@id\":\"https:\\\/\\\/secure.gravatar.com\\\/avatar\\\/e44199027f74c0c7933ef0919b4b195c19cb0a5babc01c48e0ec4d570c94fbf3?s=96&d=mm&r=g\",\"url\":\"https:\\\/\\\/secure.gravatar.com\\\/avatar\\\/e44199027f74c0c7933ef0919b4b195c19cb0a5babc01c48e0ec4d570c94fbf3?s=96&d=mm&r=g\",\"contentUrl\":\"https:\\\/\\\/secure.gravatar.com\\\/avatar\\\/e44199027f74c0c7933ef0919b4b195c19cb0a5babc01c48e0ec4d570c94fbf3?s=96&d=mm&r=g\",\"caption\":\"francoismanche\"},\"url\":\"https:\\\/\\\/orcq.be\\\/histoire\\\/author\\\/francoismanche\\\/\"}]}<\/script>\n<!-- \/ Yoast SEO plugin. -->","yoast_head_json":{"title":"Orcq, chronologie de la guerre 1914-1918 (Bernard Demaire et Robert Trifin) &#8226; ORCQ.be - L&#039;Histoire","robots":{"index":"index","follow":"follow","max-snippet":"max-snippet:-1","max-image-preview":"max-image-preview:large","max-video-preview":"max-video-preview:-1"},"canonical":"https:\/\/orcq.be\/histoire\/2017\/07\/26\/orcq-chronologie-de-guerre-1914-1918-bernard-demaire-robert-trifin\/","og_locale":"fr_FR","og_type":"article","og_title":"Orcq, chronologie de la guerre 1914-1918 (Bernard Demaire et Robert Trifin) &#8226; ORCQ.be - L&#039;Histoire","og_description":"Introduction Sources principales : Bulletin r\u00e9gional du courrier de l\u2019Escaut.[1]Dans son premier num\u00e9ro dat\u00e9 du 8 novembre 1915, l\u2019\u00e9diteur du bulletin explique les raisons de sa parution : Les journaux tournaisiens ont cess\u00e9 de para\u00eetre au d\u00e9but d\u2019octobre 1914. Le maintien de la r\u00e9gion de Tournai dans la zone d\u2019\u00e9tape[2] de Valenciennes jusqu\u2019en juillet 1915[3] [&hellip;]","og_url":"https:\/\/orcq.be\/histoire\/2017\/07\/26\/orcq-chronologie-de-guerre-1914-1918-bernard-demaire-robert-trifin\/","og_site_name":"ORCQ.be - L&#039;Histoire","article_publisher":"https:\/\/www.facebook.com\/villageorcq","article_published_time":"2017-07-26T15:39:39+00:00","article_modified_time":"2020-12-29T11:02:30+00:00","og_image":[{"width":2560,"height":721,"url":"https:\/\/orcq.be\/histoire\/wp-content\/uploads\/sites\/2\/2017\/07\/BANDEAU-ORCQ-VON-RICHTHBIS-scaled.jpg","type":"image\/jpeg"}],"author":"francoismanche","twitter_card":"summary_large_image","twitter_misc":{"\u00c9crit par":"francoismanche","Dur\u00e9e de lecture estim\u00e9e":"20 minutes"},"schema":{"@context":"https:\/\/schema.org","@graph":[{"@type":"Article","@id":"https:\/\/orcq.be\/histoire\/2017\/07\/26\/orcq-chronologie-de-guerre-1914-1918-bernard-demaire-robert-trifin\/#article","isPartOf":{"@id":"https:\/\/orcq.be\/histoire\/2017\/07\/26\/orcq-chronologie-de-guerre-1914-1918-bernard-demaire-robert-trifin\/"},"author":{"name":"francoismanche","@id":"https:\/\/orcq.be\/histoire\/#\/schema\/person\/3453b8acec82b56cc57799c49f7d9e69"},"headline":"Orcq, chronologie de la guerre 1914-1918 (Bernard Demaire et Robert Trifin)","datePublished":"2017-07-26T15:39:39+00:00","dateModified":"2020-12-29T11:02:30+00:00","mainEntityOfPage":{"@id":"https:\/\/orcq.be\/histoire\/2017\/07\/26\/orcq-chronologie-de-guerre-1914-1918-bernard-demaire-robert-trifin\/"},"wordCount":4073,"commentCount":0,"image":{"@id":"https:\/\/orcq.be\/histoire\/2017\/07\/26\/orcq-chronologie-de-guerre-1914-1918-bernard-demaire-robert-trifin\/#primaryimage"},"thumbnailUrl":"https:\/\/orcq.be\/histoire\/wp-content\/uploads\/sites\/2\/2017\/07\/BANDEAU-ORCQ-VON-RICHTHBIS-scaled.jpg","articleSection":["14 - 18"],"inLanguage":"fr-FR","potentialAction":[{"@type":"CommentAction","name":"Comment","target":["https:\/\/orcq.be\/histoire\/2017\/07\/26\/orcq-chronologie-de-guerre-1914-1918-bernard-demaire-robert-trifin\/#respond"]}]},{"@type":"WebPage","@id":"https:\/\/orcq.be\/histoire\/2017\/07\/26\/orcq-chronologie-de-guerre-1914-1918-bernard-demaire-robert-trifin\/","url":"https:\/\/orcq.be\/histoire\/2017\/07\/26\/orcq-chronologie-de-guerre-1914-1918-bernard-demaire-robert-trifin\/","name":"Orcq, chronologie de la guerre 1914-1918 (Bernard Demaire et Robert Trifin) &#8226; ORCQ.be - L&#039;Histoire","isPartOf":{"@id":"https:\/\/orcq.be\/histoire\/#website"},"primaryImageOfPage":{"@id":"https:\/\/orcq.be\/histoire\/2017\/07\/26\/orcq-chronologie-de-guerre-1914-1918-bernard-demaire-robert-trifin\/#primaryimage"},"image":{"@id":"https:\/\/orcq.be\/histoire\/2017\/07\/26\/orcq-chronologie-de-guerre-1914-1918-bernard-demaire-robert-trifin\/#primaryimage"},"thumbnailUrl":"https:\/\/orcq.be\/histoire\/wp-content\/uploads\/sites\/2\/2017\/07\/BANDEAU-ORCQ-VON-RICHTHBIS-scaled.jpg","datePublished":"2017-07-26T15:39:39+00:00","dateModified":"2020-12-29T11:02:30+00:00","author":{"@id":"https:\/\/orcq.be\/histoire\/#\/schema\/person\/3453b8acec82b56cc57799c49f7d9e69"},"breadcrumb":{"@id":"https:\/\/orcq.be\/histoire\/2017\/07\/26\/orcq-chronologie-de-guerre-1914-1918-bernard-demaire-robert-trifin\/#breadcrumb"},"inLanguage":"fr-FR","potentialAction":[{"@type":"ReadAction","target":["https:\/\/orcq.be\/histoire\/2017\/07\/26\/orcq-chronologie-de-guerre-1914-1918-bernard-demaire-robert-trifin\/"]}]},{"@type":"ImageObject","inLanguage":"fr-FR","@id":"https:\/\/orcq.be\/histoire\/2017\/07\/26\/orcq-chronologie-de-guerre-1914-1918-bernard-demaire-robert-trifin\/#primaryimage","url":"https:\/\/orcq.be\/histoire\/wp-content\/uploads\/sites\/2\/2017\/07\/BANDEAU-ORCQ-VON-RICHTHBIS-scaled.jpg","contentUrl":"https:\/\/orcq.be\/histoire\/wp-content\/uploads\/sites\/2\/2017\/07\/BANDEAU-ORCQ-VON-RICHTHBIS-scaled.jpg","width":2560,"height":721},{"@type":"BreadcrumbList","@id":"https:\/\/orcq.be\/histoire\/2017\/07\/26\/orcq-chronologie-de-guerre-1914-1918-bernard-demaire-robert-trifin\/#breadcrumb","itemListElement":[{"@type":"ListItem","position":1,"name":"Accueil","item":"https:\/\/orcq.be\/histoire\/"},{"@type":"ListItem","position":2,"name":"Orcq, chronologie de la guerre 1914-1918 (Bernard Demaire et Robert Trifin)"}]},{"@type":"WebSite","@id":"https:\/\/orcq.be\/histoire\/#website","url":"https:\/\/orcq.be\/histoire\/","name":"ORCQ.be - L&#039;Histoire","description":"Histoire de Orcq","potentialAction":[{"@type":"SearchAction","target":{"@type":"EntryPoint","urlTemplate":"https:\/\/orcq.be\/histoire\/?s={search_term_string}"},"query-input":{"@type":"PropertyValueSpecification","valueRequired":true,"valueName":"search_term_string"}}],"inLanguage":"fr-FR"},{"@type":"Person","@id":"https:\/\/orcq.be\/histoire\/#\/schema\/person\/3453b8acec82b56cc57799c49f7d9e69","name":"francoismanche","image":{"@type":"ImageObject","inLanguage":"fr-FR","@id":"https:\/\/secure.gravatar.com\/avatar\/e44199027f74c0c7933ef0919b4b195c19cb0a5babc01c48e0ec4d570c94fbf3?s=96&d=mm&r=g","url":"https:\/\/secure.gravatar.com\/avatar\/e44199027f74c0c7933ef0919b4b195c19cb0a5babc01c48e0ec4d570c94fbf3?s=96&d=mm&r=g","contentUrl":"https:\/\/secure.gravatar.com\/avatar\/e44199027f74c0c7933ef0919b4b195c19cb0a5babc01c48e0ec4d570c94fbf3?s=96&d=mm&r=g","caption":"francoismanche"},"url":"https:\/\/orcq.be\/histoire\/author\/francoismanche\/"}]}},"_links":{"self":[{"href":"https:\/\/orcq.be\/histoire\/wp-json\/wp\/v2\/posts\/455","targetHints":{"allow":["GET"]}}],"collection":[{"href":"https:\/\/orcq.be\/histoire\/wp-json\/wp\/v2\/posts"}],"about":[{"href":"https:\/\/orcq.be\/histoire\/wp-json\/wp\/v2\/types\/post"}],"author":[{"embeddable":true,"href":"https:\/\/orcq.be\/histoire\/wp-json\/wp\/v2\/users\/2"}],"replies":[{"embeddable":true,"href":"https:\/\/orcq.be\/histoire\/wp-json\/wp\/v2\/comments?post=455"}],"version-history":[{"count":10,"href":"https:\/\/orcq.be\/histoire\/wp-json\/wp\/v2\/posts\/455\/revisions"}],"predecessor-version":[{"id":1224,"href":"https:\/\/orcq.be\/histoire\/wp-json\/wp\/v2\/posts\/455\/revisions\/1224"}],"wp:featuredmedia":[{"embeddable":true,"href":"https:\/\/orcq.be\/histoire\/wp-json\/wp\/v2\/media\/1198"}],"wp:attachment":[{"href":"https:\/\/orcq.be\/histoire\/wp-json\/wp\/v2\/media?parent=455"}],"wp:term":[{"taxonomy":"category","embeddable":true,"href":"https:\/\/orcq.be\/histoire\/wp-json\/wp\/v2\/categories?post=455"},{"taxonomy":"post_tag","embeddable":true,"href":"https:\/\/orcq.be\/histoire\/wp-json\/wp\/v2\/tags?post=455"}],"curies":[{"name":"wp","href":"https:\/\/api.w.org\/{rel}","templated":true}]}}