{"id":16,"date":"2021-06-30T18:46:15","date_gmt":"2021-06-30T16:46:15","guid":{"rendered":"http:\/\/orcq.be\/marottes\/?p=16"},"modified":"2021-07-06T18:23:03","modified_gmt":"2021-07-06T16:23:03","slug":"une-cascade-providentielle-oiseaux-de-jardin-a-orcq","status":"publish","type":"post","link":"https:\/\/orcq.be\/marottes\/2021\/06\/30\/une-cascade-providentielle-oiseaux-de-jardin-a-orcq\/","title":{"rendered":"oiseaux de jardin-Une cascade providentielle chez Bernard Demaire"},"content":{"rendered":"\n<p>L\u2019\u00e9mission bien connue de la RTBF \u00ab&nbsp;Le jardin extraordinaire&nbsp;\u00bb s\u2019est adapt\u00e9e aux r\u00e8gles du confinement en projetant de courtes s\u00e9quences r\u00e9alis\u00e9es par les t\u00e9l\u00e9spectateurs dans leur jardin. Reprenant cette id\u00e9e, j\u2019ai braqu\u00e9 mon appareil photo au mois de mai 2020 sur la cascade install\u00e9e dans mon jardin depuis plus de trente ans.<\/p>\n\n\n\n<p>D\u00e8s le matin du 4 juin la cascade \u00e9tait fr\u00e9quent\u00e9e da fa\u00e7on continuelle par des oiseaux d\u2019esp\u00e8ces diff\u00e9rentes. Il est vrai que les conditions m\u00e9t\u00e9orologiques \u00e9taient propices \u00e0 la visite d\u2019oiseaux assoiff\u00e9s. Le quotidien \u00ab&nbsp;Le Soir&nbsp;\u00bb avait publi\u00e9 en date du 29 mai&nbsp;:<\/p>\n\n\n\n<figure class=\"wp-block-image size-large is-resized\"><img loading=\"lazy\" decoding=\"async\" src=\"http:\/\/orcq.be\/marottes\/wp-content\/uploads\/sites\/3\/2020\/09\/LE-SOIR-29-5-2020-1.png\" alt=\"\" class=\"wp-image-18\" width=\"388\" height=\"49\" srcset=\"https:\/\/orcq.be\/marottes\/wp-content\/uploads\/sites\/3\/2020\/09\/LE-SOIR-29-5-2020-1.png 775w, https:\/\/orcq.be\/marottes\/wp-content\/uploads\/sites\/3\/2020\/09\/LE-SOIR-29-5-2020-1-300x38.png 300w, https:\/\/orcq.be\/marottes\/wp-content\/uploads\/sites\/3\/2020\/09\/LE-SOIR-29-5-2020-1-768x96.png 768w\" sizes=\"auto, (max-width: 388px) 100vw, 388px\" \/><\/figure>\n\n\n\n<p>Entre la 15 mai et les prises de photos le 4 juin avant-midi il est tomb\u00e9 0,3 mm de pluie \u00e0 Uccle.<\/p>\n\n\n\n<p>Le bilan de ces observations est le relev\u00e9 de 14 esp\u00e8ces diff\u00e9rentes en moins de quatre heures dans mon jardin situ\u00e9 rue Victor Crombez \u00e0 Orcq.<\/p>\n\n\n\n<p>La cascade artificielle est coupl\u00e9e \u00e0 un \u00e9tang artificiel d\u2019environ 13 m3<\/p>\n\n\n\n<figure class=\"wp-block-image size-large is-resized\"><img loading=\"lazy\" decoding=\"async\" src=\"http:\/\/orcq.be\/marottes\/wp-content\/uploads\/sites\/3\/2020\/09\/8000-CASCADE-COMP.jpg\" alt=\"\" class=\"wp-image-21\" width=\"751\" height=\"563\" srcset=\"https:\/\/orcq.be\/marottes\/wp-content\/uploads\/sites\/3\/2020\/09\/8000-CASCADE-COMP.jpg 1001w, https:\/\/orcq.be\/marottes\/wp-content\/uploads\/sites\/3\/2020\/09\/8000-CASCADE-COMP-300x225.jpg 300w, https:\/\/orcq.be\/marottes\/wp-content\/uploads\/sites\/3\/2020\/09\/8000-CASCADE-COMP-768x576.jpg 768w\" sizes=\"auto, (max-width: 751px) 100vw, 751px\" \/><\/figure>\n\n\n\n<p>Chronologiquement, entre 8 h et 11h30 nous avons re\u00e7u la visite&nbsp;:<\/p>\n\n\n\n<p>A 8h03, d\u2019un \u00e9tourneau juv\u00e9nile<\/p>\n\n\n\n<figure class=\"wp-block-image size-large is-resized\"><img loading=\"lazy\" decoding=\"async\" src=\"http:\/\/orcq.be\/marottes\/wp-content\/uploads\/sites\/3\/2020\/09\/8003-ETOURNEAU-JUVENILE-COMP.jpg\" alt=\"\" class=\"wp-image-24\" width=\"768\" height=\"576\" srcset=\"https:\/\/orcq.be\/marottes\/wp-content\/uploads\/sites\/3\/2020\/09\/8003-ETOURNEAU-JUVENILE-COMP.jpg 1024w, https:\/\/orcq.be\/marottes\/wp-content\/uploads\/sites\/3\/2020\/09\/8003-ETOURNEAU-JUVENILE-COMP-300x225.jpg 300w, https:\/\/orcq.be\/marottes\/wp-content\/uploads\/sites\/3\/2020\/09\/8003-ETOURNEAU-JUVENILE-COMP-768x576.jpg 768w\" sizes=\"auto, (max-width: 768px) 100vw, 768px\" \/><\/figure>\n\n\n\n<p>A 8h05, d\u2019un rouge-gorge<\/p>\n\n\n\n<figure class=\"wp-block-image size-large is-resized\"><img loading=\"lazy\" decoding=\"async\" src=\"http:\/\/orcq.be\/marottes\/wp-content\/uploads\/sites\/3\/2020\/09\/8005-ROUGREGORGE-COMP-1.jpg\" alt=\"\" class=\"wp-image-25\" width=\"768\" height=\"576\" srcset=\"https:\/\/orcq.be\/marottes\/wp-content\/uploads\/sites\/3\/2020\/09\/8005-ROUGREGORGE-COMP-1.jpg 1024w, https:\/\/orcq.be\/marottes\/wp-content\/uploads\/sites\/3\/2020\/09\/8005-ROUGREGORGE-COMP-1-300x225.jpg 300w, https:\/\/orcq.be\/marottes\/wp-content\/uploads\/sites\/3\/2020\/09\/8005-ROUGREGORGE-COMP-1-768x576.jpg 768w\" sizes=\"auto, (max-width: 768px) 100vw, 768px\" \/><\/figure>\n\n\n\n<p>A 8h06, d\u2019un pigeon ramier<\/p>\n\n\n\n<figure class=\"wp-block-image size-large is-resized\"><img loading=\"lazy\" decoding=\"async\" src=\"http:\/\/orcq.be\/marottes\/wp-content\/uploads\/sites\/3\/2020\/09\/8006-PIGEON-RAMIER-COMP.jpg\" alt=\"\" class=\"wp-image-27\" width=\"768\" height=\"576\" srcset=\"https:\/\/orcq.be\/marottes\/wp-content\/uploads\/sites\/3\/2020\/09\/8006-PIGEON-RAMIER-COMP.jpg 1024w, https:\/\/orcq.be\/marottes\/wp-content\/uploads\/sites\/3\/2020\/09\/8006-PIGEON-RAMIER-COMP-300x225.jpg 300w, https:\/\/orcq.be\/marottes\/wp-content\/uploads\/sites\/3\/2020\/09\/8006-PIGEON-RAMIER-COMP-768x576.jpg 768w\" sizes=\"auto, (max-width: 768px) 100vw, 768px\" \/><\/figure>\n\n\n\n<p>A 8h12, d\u2019un \u00e9tourneau adulte<\/p>\n\n\n\n<figure class=\"wp-block-image size-large is-resized\"><img loading=\"lazy\" decoding=\"async\" src=\"http:\/\/orcq.be\/marottes\/wp-content\/uploads\/sites\/3\/2020\/09\/8012-ETOURNEAU-COMP.jpg\" alt=\"\" class=\"wp-image-28\" width=\"768\" height=\"576\" srcset=\"https:\/\/orcq.be\/marottes\/wp-content\/uploads\/sites\/3\/2020\/09\/8012-ETOURNEAU-COMP.jpg 1024w, https:\/\/orcq.be\/marottes\/wp-content\/uploads\/sites\/3\/2020\/09\/8012-ETOURNEAU-COMP-300x225.jpg 300w, https:\/\/orcq.be\/marottes\/wp-content\/uploads\/sites\/3\/2020\/09\/8012-ETOURNEAU-COMP-768x576.jpg 768w\" sizes=\"auto, (max-width: 768px) 100vw, 768px\" \/><\/figure>\n\n\n\n<p>A 8h13, d\u2019une fauvette \u00e0 t\u00eate noire femelle<\/p>\n\n\n\n<figure class=\"wp-block-image size-large is-resized\"><img loading=\"lazy\" decoding=\"async\" src=\"http:\/\/orcq.be\/marottes\/wp-content\/uploads\/sites\/3\/2020\/09\/8013-FAUVETTE-TETE-NOIRE-FEMELLE-COMP.jpg\" alt=\"\" class=\"wp-image-29\" width=\"768\" height=\"576\" srcset=\"https:\/\/orcq.be\/marottes\/wp-content\/uploads\/sites\/3\/2020\/09\/8013-FAUVETTE-TETE-NOIRE-FEMELLE-COMP.jpg 1024w, https:\/\/orcq.be\/marottes\/wp-content\/uploads\/sites\/3\/2020\/09\/8013-FAUVETTE-TETE-NOIRE-FEMELLE-COMP-300x225.jpg 300w, https:\/\/orcq.be\/marottes\/wp-content\/uploads\/sites\/3\/2020\/09\/8013-FAUVETTE-TETE-NOIRE-FEMELLE-COMP-768x576.jpg 768w\" sizes=\"auto, (max-width: 768px) 100vw, 768px\" \/><\/figure>\n\n\n\n<p>A 8H17, d\u2019une tourterelle turque<\/p>\n\n\n\n<figure class=\"wp-block-image size-large is-resized\"><img loading=\"lazy\" decoding=\"async\" src=\"http:\/\/orcq.be\/marottes\/wp-content\/uploads\/sites\/3\/2020\/09\/8016-TOURTERELLE-COMP.jpg\" alt=\"\" class=\"wp-image-30\" width=\"768\" height=\"576\" srcset=\"https:\/\/orcq.be\/marottes\/wp-content\/uploads\/sites\/3\/2020\/09\/8016-TOURTERELLE-COMP.jpg 1024w, https:\/\/orcq.be\/marottes\/wp-content\/uploads\/sites\/3\/2020\/09\/8016-TOURTERELLE-COMP-300x225.jpg 300w, https:\/\/orcq.be\/marottes\/wp-content\/uploads\/sites\/3\/2020\/09\/8016-TOURTERELLE-COMP-768x576.jpg 768w\" sizes=\"auto, (max-width: 768px) 100vw, 768px\" \/><\/figure>\n\n\n\n<p>A&nbsp; 8h18, d\u2019un couple de pinsons des arbres<\/p>\n\n\n\n<figure class=\"wp-block-image size-large is-resized\"><img loading=\"lazy\" decoding=\"async\" src=\"http:\/\/orcq.be\/marottes\/wp-content\/uploads\/sites\/3\/2020\/09\/8017-PINSON-DES-ARBRES-COMP-1.jpg\" alt=\"\" class=\"wp-image-32\" width=\"768\" height=\"576\" srcset=\"https:\/\/orcq.be\/marottes\/wp-content\/uploads\/sites\/3\/2020\/09\/8017-PINSON-DES-ARBRES-COMP-1.jpg 1024w, https:\/\/orcq.be\/marottes\/wp-content\/uploads\/sites\/3\/2020\/09\/8017-PINSON-DES-ARBRES-COMP-1-300x225.jpg 300w, https:\/\/orcq.be\/marottes\/wp-content\/uploads\/sites\/3\/2020\/09\/8017-PINSON-DES-ARBRES-COMP-1-768x576.jpg 768w\" sizes=\"auto, (max-width: 768px) 100vw, 768px\" \/><\/figure>\n\n\n\n<p>A 8h23, d\u2019une grive musicienne<\/p>\n\n\n\n<figure class=\"wp-block-image size-large is-resized\"><img loading=\"lazy\" decoding=\"async\" src=\"http:\/\/orcq.be\/marottes\/wp-content\/uploads\/sites\/3\/2020\/09\/8023-GRIVE-MUSICIENNE-COMP.jpg\" alt=\"\" class=\"wp-image-33\" width=\"768\" height=\"576\" srcset=\"https:\/\/orcq.be\/marottes\/wp-content\/uploads\/sites\/3\/2020\/09\/8023-GRIVE-MUSICIENNE-COMP.jpg 1024w, https:\/\/orcq.be\/marottes\/wp-content\/uploads\/sites\/3\/2020\/09\/8023-GRIVE-MUSICIENNE-COMP-300x225.jpg 300w, https:\/\/orcq.be\/marottes\/wp-content\/uploads\/sites\/3\/2020\/09\/8023-GRIVE-MUSICIENNE-COMP-768x576.jpg 768w\" sizes=\"auto, (max-width: 768px) 100vw, 768px\" \/><\/figure>\n\n\n\n<p>A 8h31,&nbsp; d\u2019une m\u00e9sange charbonni\u00e8re accompagn\u00e9e d\u2019un pinson des arbres femelle<\/p>\n\n\n\n<figure class=\"wp-block-image size-large is-resized\"><img loading=\"lazy\" decoding=\"async\" src=\"http:\/\/orcq.be\/marottes\/wp-content\/uploads\/sites\/3\/2020\/09\/8031-MESANGE-CHARBONNIERE-COMP.jpg\" alt=\"\" class=\"wp-image-34\" width=\"768\" height=\"576\" srcset=\"https:\/\/orcq.be\/marottes\/wp-content\/uploads\/sites\/3\/2020\/09\/8031-MESANGE-CHARBONNIERE-COMP.jpg 1024w, https:\/\/orcq.be\/marottes\/wp-content\/uploads\/sites\/3\/2020\/09\/8031-MESANGE-CHARBONNIERE-COMP-300x225.jpg 300w, https:\/\/orcq.be\/marottes\/wp-content\/uploads\/sites\/3\/2020\/09\/8031-MESANGE-CHARBONNIERE-COMP-768x576.jpg 768w\" sizes=\"auto, (max-width: 768px) 100vw, 768px\" \/><\/figure>\n\n\n\n<p>A 8h47, d\u2019un jeune merle<\/p>\n\n\n\n<figure class=\"wp-block-image size-large is-resized\"><img loading=\"lazy\" decoding=\"async\" src=\"http:\/\/orcq.be\/marottes\/wp-content\/uploads\/sites\/3\/2020\/09\/8047-MERLE-COMP.jpg\" alt=\"\" class=\"wp-image-35\" width=\"768\" height=\"576\" srcset=\"https:\/\/orcq.be\/marottes\/wp-content\/uploads\/sites\/3\/2020\/09\/8047-MERLE-COMP.jpg 1024w, https:\/\/orcq.be\/marottes\/wp-content\/uploads\/sites\/3\/2020\/09\/8047-MERLE-COMP-300x225.jpg 300w, https:\/\/orcq.be\/marottes\/wp-content\/uploads\/sites\/3\/2020\/09\/8047-MERLE-COMP-768x576.jpg 768w\" sizes=\"auto, (max-width: 768px) 100vw, 768px\" \/><\/figure>\n\n\n\n<p>A 8H48, d\u2019une m\u00e9sange bleue<\/p>\n\n\n\n<figure class=\"wp-block-image size-large is-resized\"><img loading=\"lazy\" decoding=\"async\" src=\"http:\/\/orcq.be\/marottes\/wp-content\/uploads\/sites\/3\/2020\/09\/8048-MESANGE-BLEUE-COMP.jpg\" alt=\"\" class=\"wp-image-37\" width=\"768\" height=\"576\" srcset=\"https:\/\/orcq.be\/marottes\/wp-content\/uploads\/sites\/3\/2020\/09\/8048-MESANGE-BLEUE-COMP.jpg 1024w, https:\/\/orcq.be\/marottes\/wp-content\/uploads\/sites\/3\/2020\/09\/8048-MESANGE-BLEUE-COMP-300x225.jpg 300w, https:\/\/orcq.be\/marottes\/wp-content\/uploads\/sites\/3\/2020\/09\/8048-MESANGE-BLEUE-COMP-768x576.jpg 768w\" sizes=\"auto, (max-width: 768px) 100vw, 768px\" \/><\/figure>\n\n\n\n<p>A 10h52, d\u2019un accenteur mouchet<\/p>\n\n\n\n<figure class=\"wp-block-image size-large is-resized\"><img loading=\"lazy\" decoding=\"async\" src=\"http:\/\/orcq.be\/marottes\/wp-content\/uploads\/sites\/3\/2020\/09\/10052-ACCETEUR-MOUCHET-COMP.jpg\" alt=\"\" class=\"wp-image-39\" width=\"768\" height=\"576\" srcset=\"https:\/\/orcq.be\/marottes\/wp-content\/uploads\/sites\/3\/2020\/09\/10052-ACCETEUR-MOUCHET-COMP.jpg 1024w, https:\/\/orcq.be\/marottes\/wp-content\/uploads\/sites\/3\/2020\/09\/10052-ACCETEUR-MOUCHET-COMP-300x225.jpg 300w, https:\/\/orcq.be\/marottes\/wp-content\/uploads\/sites\/3\/2020\/09\/10052-ACCETEUR-MOUCHET-COMP-768x576.jpg 768w\" sizes=\"auto, (max-width: 768px) 100vw, 768px\" \/><\/figure>\n\n\n\n<p>A 10h53, d\u2019un gobemouche gris<\/p>\n\n\n\n<figure class=\"wp-block-image size-large is-resized\"><img loading=\"lazy\" decoding=\"async\" src=\"http:\/\/orcq.be\/marottes\/wp-content\/uploads\/sites\/3\/2020\/09\/10053-GOBE-MOUCHE-COMP.jpg\" alt=\"\" class=\"wp-image-40\" width=\"768\" height=\"576\" srcset=\"https:\/\/orcq.be\/marottes\/wp-content\/uploads\/sites\/3\/2020\/09\/10053-GOBE-MOUCHE-COMP.jpg 1024w, https:\/\/orcq.be\/marottes\/wp-content\/uploads\/sites\/3\/2020\/09\/10053-GOBE-MOUCHE-COMP-300x225.jpg 300w, https:\/\/orcq.be\/marottes\/wp-content\/uploads\/sites\/3\/2020\/09\/10053-GOBE-MOUCHE-COMP-768x576.jpg 768w\" sizes=\"auto, (max-width: 768px) 100vw, 768px\" \/><\/figure>\n\n\n\n<p>A 10h54, d\u2019un jeune troglodyte mignon<\/p>\n\n\n\n<figure class=\"wp-block-image size-large is-resized\"><img loading=\"lazy\" decoding=\"async\" src=\"http:\/\/orcq.be\/marottes\/wp-content\/uploads\/sites\/3\/2020\/09\/10054-TROGLODYTE-COMP.jpg\" alt=\"\" class=\"wp-image-41\" width=\"768\" height=\"576\" srcset=\"https:\/\/orcq.be\/marottes\/wp-content\/uploads\/sites\/3\/2020\/09\/10054-TROGLODYTE-COMP.jpg 1024w, https:\/\/orcq.be\/marottes\/wp-content\/uploads\/sites\/3\/2020\/09\/10054-TROGLODYTE-COMP-300x225.jpg 300w, https:\/\/orcq.be\/marottes\/wp-content\/uploads\/sites\/3\/2020\/09\/10054-TROGLODYTE-COMP-768x576.jpg 768w\" sizes=\"auto, (max-width: 768px) 100vw, 768px\" \/><\/figure>\n\n\n\n<p>A 11h22, D\u2019une fauvette \u00e0 t\u00eate noire m\u00e2le<\/p>\n\n\n\n<figure class=\"wp-block-image size-large is-resized\"><img loading=\"lazy\" decoding=\"async\" src=\"http:\/\/orcq.be\/marottes\/wp-content\/uploads\/sites\/3\/2020\/09\/11022-FAUVETTE-A-TETE-NOIRE-COMP.jpg\" alt=\"\" class=\"wp-image-42\" width=\"768\" height=\"576\" srcset=\"https:\/\/orcq.be\/marottes\/wp-content\/uploads\/sites\/3\/2020\/09\/11022-FAUVETTE-A-TETE-NOIRE-COMP.jpg 1024w, https:\/\/orcq.be\/marottes\/wp-content\/uploads\/sites\/3\/2020\/09\/11022-FAUVETTE-A-TETE-NOIRE-COMP-300x225.jpg 300w, https:\/\/orcq.be\/marottes\/wp-content\/uploads\/sites\/3\/2020\/09\/11022-FAUVETTE-A-TETE-NOIRE-COMP-768x576.jpg 768w\" sizes=\"auto, (max-width: 768px) 100vw, 768px\" \/><\/figure>\n\n\n\n<p>A 11h27, d\u2019un moineau<\/p>\n\n\n\n<figure class=\"wp-block-image size-large is-resized\"><img loading=\"lazy\" decoding=\"async\" src=\"http:\/\/orcq.be\/marottes\/wp-content\/uploads\/sites\/3\/2020\/09\/11027-MOINEAU-COMP.jpg\" alt=\"\" class=\"wp-image-43\" width=\"768\" height=\"576\" srcset=\"https:\/\/orcq.be\/marottes\/wp-content\/uploads\/sites\/3\/2020\/09\/11027-MOINEAU-COMP.jpg 1024w, https:\/\/orcq.be\/marottes\/wp-content\/uploads\/sites\/3\/2020\/09\/11027-MOINEAU-COMP-300x225.jpg 300w, https:\/\/orcq.be\/marottes\/wp-content\/uploads\/sites\/3\/2020\/09\/11027-MOINEAU-COMP-768x576.jpg 768w\" sizes=\"auto, (max-width: 768px) 100vw, 768px\" \/><\/figure>\n\n\n\n<p>A ces 14 esp\u00e8ces diff\u00e9rentes observ\u00e9es le matin il faut ajouter un verdier aper\u00e7u l\u2019apr\u00e8s midi dont nous joignons une photo prise au m\u00eame endroit fin avril 2020.<\/p>\n\n\n\n<figure class=\"wp-block-image size-large is-resized\"><img loading=\"lazy\" decoding=\"async\" src=\"http:\/\/orcq.be\/marottes\/wp-content\/uploads\/sites\/3\/2020\/09\/12000-VERDIER-COMP.jpg\" alt=\"\" class=\"wp-image-44\" width=\"768\" height=\"576\" srcset=\"https:\/\/orcq.be\/marottes\/wp-content\/uploads\/sites\/3\/2020\/09\/12000-VERDIER-COMP.jpg 1024w, https:\/\/orcq.be\/marottes\/wp-content\/uploads\/sites\/3\/2020\/09\/12000-VERDIER-COMP-300x225.jpg 300w, https:\/\/orcq.be\/marottes\/wp-content\/uploads\/sites\/3\/2020\/09\/12000-VERDIER-COMP-768x576.jpg 768w\" sizes=\"auto, (max-width: 768px) 100vw, 768px\" \/><\/figure>\n\n\n\n<p>Le 5 juin la pluie a fait son apparition (10 mm tomb\u00e9s \u00e0 Uccle) et la fr\u00e9quentation de la cascade est redevenue normale.<\/p>\n\n\n\n<p>Ces observations montrent qu\u2019il est important d\u2019assurer une mise \u00e0 disposition d\u2019eau pour les oiseaux sauvages en p\u00e9riode de s\u00e9cheresse. La pr\u00e9sence d\u2019un petit \u00e9tang dans un jardin est aussi une source de rencontres parfois \u00e9tonnantes. Depuis la cr\u00e9ation de l\u2019\u00e9tang en 1989 nous avons re\u00e7u la visite d\u2019oiseaux de zones aquatiques&nbsp;: une aigrette garzette, une poule d\u2019eau, un martin-p\u00eacheur, une bergeronnette des ruisseaux. Une canne colvert est venue nicher (voir photo ci-dessous) sous un Lonic\u00e9ra, \u00e0 notre insu, \u00e0 4 m\u00e8tres de la terrasse du jardin o\u00f9 la famille se r\u00e9unit r\u00e9guli\u00e8rement. Un matin nous avons d\u00e9couvert onze canetons se promenant dans le jardin en file indienne derri\u00e8re leur m\u00e8re&nbsp;! Mais parfois aussi nous recevons la visite moins souhait\u00e9e d\u2019un h\u00e9ron.<\/p>\n\n\n\n<figure class=\"wp-block-image size-large is-resized\"><img loading=\"lazy\" decoding=\"async\" src=\"http:\/\/orcq.be\/marottes\/wp-content\/uploads\/sites\/3\/2020\/09\/P1060065-COMP.jpg\" alt=\"\" class=\"wp-image-45\" width=\"768\" height=\"576\" srcset=\"https:\/\/orcq.be\/marottes\/wp-content\/uploads\/sites\/3\/2020\/09\/P1060065-COMP.jpg 1024w, https:\/\/orcq.be\/marottes\/wp-content\/uploads\/sites\/3\/2020\/09\/P1060065-COMP-300x225.jpg 300w, https:\/\/orcq.be\/marottes\/wp-content\/uploads\/sites\/3\/2020\/09\/P1060065-COMP-768x576.jpg 768w\" sizes=\"auto, (max-width: 768px) 100vw, 768px\" \/><\/figure>\n\n\n\n<div class=\"wp-block-image\"><figure class=\"alignleft size-large is-resized\"><img loading=\"lazy\" decoding=\"async\" src=\"http:\/\/orcq.be\/marottes\/wp-content\/uploads\/sites\/3\/2020\/09\/P1060062-COMP.jpg\" alt=\"\" class=\"wp-image-46\" width=\"313\" height=\"218\" \/><\/figure><\/div>\n\n\n\n<div class=\"wp-block-image\"><figure class=\"alignleft size-large is-resized\"><img loading=\"lazy\" decoding=\"async\" src=\"http:\/\/orcq.be\/marottes\/wp-content\/uploads\/sites\/3\/2020\/09\/P1060063-COMP.jpg\" alt=\"\" class=\"wp-image-47\" width=\"288\" height=\"216\" srcset=\"https:\/\/orcq.be\/marottes\/wp-content\/uploads\/sites\/3\/2020\/09\/P1060063-COMP.jpg 1024w, https:\/\/orcq.be\/marottes\/wp-content\/uploads\/sites\/3\/2020\/09\/P1060063-COMP-300x225.jpg 300w, https:\/\/orcq.be\/marottes\/wp-content\/uploads\/sites\/3\/2020\/09\/P1060063-COMP-768x576.jpg 768w\" sizes=\"auto, (max-width: 288px) 100vw, 288px\" \/><\/figure><\/div>\n\n\n\n<p><\/p>\n\n\n\n<p>L\u2019\u00eelot avec au centre le Lonic\u00e9ra sous lequel le nid se trouvait cach\u00e9&nbsp;; d\u00e9tail du nid apr\u00e8s \u00e9closion et 4 des 11 canetons qui ont \u00e9t\u00e9 rel\u00e2ch\u00e9s avec leur m\u00e8re dans un \u00e9tang priv\u00e9.<\/p>\n\n\n\n<p><\/p>\n","protected":false},"excerpt":{"rendered":"<p>L\u2019\u00e9mission bien connue de la RTBF \u00ab Le jardin extraordinaire \u00bb s\u2019est adapt\u00e9e aux r\u00e8gles du confinement en projetant de courtes s\u00e9quences r\u00e9alis\u00e9es par les t\u00e9l\u00e9spectateurs dans leur jardin. Reprenant cette id\u00e9e, j\u2019ai braqu\u00e9 mon appareil photo au mois de mai 2020 sur la cascade install\u00e9e dans mon jardin depuis plus de trente ans.<\/p>\n","protected":false},"author":4,"featured_media":40,"comment_status":"closed","ping_status":"closed","sticky":false,"template":"","format":"standard","meta":{"_monsterinsights_skip_tracking":false,"_monsterinsights_sitenote_active":false,"_monsterinsights_sitenote_note":"","_monsterinsights_sitenote_category":0,"footnotes":""},"categories":[3],"tags":[],"class_list":{"0":"post-16","1":"post","2":"type-post","3":"status-publish","4":"format-standard","5":"has-post-thumbnail","7":"category-nature","8":"czr-hentry"},"yoast_head":"<!-- This site is optimized with the Yoast SEO plugin v27.5 - https:\/\/yoast.com\/product\/yoast-seo-wordpress\/ -->\n<title>oiseaux de jardin-Une cascade providentielle chez Bernard Demaire - Marottes des Orcquois<\/title>\n<meta name=\"robots\" content=\"index, follow, max-snippet:-1, max-image-preview:large, max-video-preview:-1\" \/>\n<link rel=\"canonical\" href=\"https:\/\/orcq.be\/marottes\/2021\/06\/30\/une-cascade-providentielle-oiseaux-de-jardin-a-orcq\/\" \/>\n<meta property=\"og:locale\" content=\"fr_FR\" \/>\n<meta property=\"og:type\" content=\"article\" \/>\n<meta property=\"og:title\" content=\"oiseaux de jardin-Une cascade providentielle chez Bernard Demaire - Marottes des Orcquois\" \/>\n<meta property=\"og:description\" content=\"L\u2019\u00e9mission bien connue de la RTBF \u00ab Le jardin extraordinaire \u00bb s\u2019est adapt\u00e9e aux r\u00e8gles du confinement en projetant de courtes s\u00e9quences r\u00e9alis\u00e9es par les t\u00e9l\u00e9spectateurs dans leur jardin. Reprenant cette id\u00e9e, j\u2019ai braqu\u00e9 mon appareil photo au mois de mai 2020 sur la cascade install\u00e9e dans mon jardin depuis plus de trente ans.\" \/>\n<meta property=\"og:url\" content=\"https:\/\/orcq.be\/marottes\/2021\/06\/30\/une-cascade-providentielle-oiseaux-de-jardin-a-orcq\/\" \/>\n<meta property=\"og:site_name\" content=\"Marottes des Orcquois\" \/>\n<meta property=\"article:published_time\" content=\"2021-06-30T16:46:15+00:00\" \/>\n<meta property=\"article:modified_time\" content=\"2021-07-06T16:23:03+00:00\" \/>\n<meta property=\"og:image\" content=\"https:\/\/orcq.be\/marottes\/wp-content\/uploads\/sites\/3\/2020\/09\/10053-GOBE-MOUCHE-COMP.jpg\" \/>\n\t<meta property=\"og:image:width\" content=\"1024\" \/>\n\t<meta property=\"og:image:height\" content=\"768\" \/>\n\t<meta property=\"og:image:type\" content=\"image\/jpeg\" \/>\n<meta name=\"author\" content=\"bernarddemaire\" \/>\n<meta name=\"twitter:card\" content=\"summary_large_image\" \/>\n<meta name=\"twitter:label1\" content=\"\u00c9crit par\" \/>\n\t<meta name=\"twitter:data1\" content=\"bernarddemaire\" \/>\n\t<meta name=\"twitter:label2\" content=\"Dur\u00e9e de lecture estim\u00e9e\" \/>\n\t<meta name=\"twitter:data2\" content=\"7 minutes\" \/>\n<script type=\"application\/ld+json\" class=\"yoast-schema-graph\">{\"@context\":\"https:\\\/\\\/schema.org\",\"@graph\":[{\"@type\":\"Article\",\"@id\":\"https:\\\/\\\/orcq.be\\\/marottes\\\/2021\\\/06\\\/30\\\/une-cascade-providentielle-oiseaux-de-jardin-a-orcq\\\/#article\",\"isPartOf\":{\"@id\":\"https:\\\/\\\/orcq.be\\\/marottes\\\/2021\\\/06\\\/30\\\/une-cascade-providentielle-oiseaux-de-jardin-a-orcq\\\/\"},\"author\":{\"name\":\"bernarddemaire\",\"@id\":\"https:\\\/\\\/orcq.be\\\/marottes\\\/#\\\/schema\\\/person\\\/a66525310a785b1a42c041623e02cd08\"},\"headline\":\"oiseaux de jardin-Une cascade providentielle chez Bernard Demaire\",\"datePublished\":\"2021-06-30T16:46:15+00:00\",\"dateModified\":\"2021-07-06T16:23:03+00:00\",\"mainEntityOfPage\":{\"@id\":\"https:\\\/\\\/orcq.be\\\/marottes\\\/2021\\\/06\\\/30\\\/une-cascade-providentielle-oiseaux-de-jardin-a-orcq\\\/\"},\"wordCount\":552,\"image\":{\"@id\":\"https:\\\/\\\/orcq.be\\\/marottes\\\/2021\\\/06\\\/30\\\/une-cascade-providentielle-oiseaux-de-jardin-a-orcq\\\/#primaryimage\"},\"thumbnailUrl\":\"https:\\\/\\\/orcq.be\\\/marottes\\\/wp-content\\\/uploads\\\/sites\\\/3\\\/2020\\\/09\\\/10053-GOBE-MOUCHE-COMP.jpg\",\"articleSection\":[\"Nature\"],\"inLanguage\":\"fr-FR\"},{\"@type\":\"WebPage\",\"@id\":\"https:\\\/\\\/orcq.be\\\/marottes\\\/2021\\\/06\\\/30\\\/une-cascade-providentielle-oiseaux-de-jardin-a-orcq\\\/\",\"url\":\"https:\\\/\\\/orcq.be\\\/marottes\\\/2021\\\/06\\\/30\\\/une-cascade-providentielle-oiseaux-de-jardin-a-orcq\\\/\",\"name\":\"oiseaux de jardin-Une cascade providentielle chez Bernard Demaire - Marottes des Orcquois\",\"isPartOf\":{\"@id\":\"https:\\\/\\\/orcq.be\\\/marottes\\\/#website\"},\"primaryImageOfPage\":{\"@id\":\"https:\\\/\\\/orcq.be\\\/marottes\\\/2021\\\/06\\\/30\\\/une-cascade-providentielle-oiseaux-de-jardin-a-orcq\\\/#primaryimage\"},\"image\":{\"@id\":\"https:\\\/\\\/orcq.be\\\/marottes\\\/2021\\\/06\\\/30\\\/une-cascade-providentielle-oiseaux-de-jardin-a-orcq\\\/#primaryimage\"},\"thumbnailUrl\":\"https:\\\/\\\/orcq.be\\\/marottes\\\/wp-content\\\/uploads\\\/sites\\\/3\\\/2020\\\/09\\\/10053-GOBE-MOUCHE-COMP.jpg\",\"datePublished\":\"2021-06-30T16:46:15+00:00\",\"dateModified\":\"2021-07-06T16:23:03+00:00\",\"author\":{\"@id\":\"https:\\\/\\\/orcq.be\\\/marottes\\\/#\\\/schema\\\/person\\\/a66525310a785b1a42c041623e02cd08\"},\"breadcrumb\":{\"@id\":\"https:\\\/\\\/orcq.be\\\/marottes\\\/2021\\\/06\\\/30\\\/une-cascade-providentielle-oiseaux-de-jardin-a-orcq\\\/#breadcrumb\"},\"inLanguage\":\"fr-FR\",\"potentialAction\":[{\"@type\":\"ReadAction\",\"target\":[\"https:\\\/\\\/orcq.be\\\/marottes\\\/2021\\\/06\\\/30\\\/une-cascade-providentielle-oiseaux-de-jardin-a-orcq\\\/\"]}]},{\"@type\":\"ImageObject\",\"inLanguage\":\"fr-FR\",\"@id\":\"https:\\\/\\\/orcq.be\\\/marottes\\\/2021\\\/06\\\/30\\\/une-cascade-providentielle-oiseaux-de-jardin-a-orcq\\\/#primaryimage\",\"url\":\"https:\\\/\\\/orcq.be\\\/marottes\\\/wp-content\\\/uploads\\\/sites\\\/3\\\/2020\\\/09\\\/10053-GOBE-MOUCHE-COMP.jpg\",\"contentUrl\":\"https:\\\/\\\/orcq.be\\\/marottes\\\/wp-content\\\/uploads\\\/sites\\\/3\\\/2020\\\/09\\\/10053-GOBE-MOUCHE-COMP.jpg\",\"width\":1024,\"height\":768},{\"@type\":\"BreadcrumbList\",\"@id\":\"https:\\\/\\\/orcq.be\\\/marottes\\\/2021\\\/06\\\/30\\\/une-cascade-providentielle-oiseaux-de-jardin-a-orcq\\\/#breadcrumb\",\"itemListElement\":[{\"@type\":\"ListItem\",\"position\":1,\"name\":\"Accueil\",\"item\":\"https:\\\/\\\/orcq.be\\\/marottes\\\/\"},{\"@type\":\"ListItem\",\"position\":2,\"name\":\"oiseaux de jardin-Une cascade providentielle chez Bernard Demaire\"}]},{\"@type\":\"WebSite\",\"@id\":\"https:\\\/\\\/orcq.be\\\/marottes\\\/#website\",\"url\":\"https:\\\/\\\/orcq.be\\\/marottes\\\/\",\"name\":\"Marottes des Orcquois\",\"description\":\"Partagez votre passion\",\"potentialAction\":[{\"@type\":\"SearchAction\",\"target\":{\"@type\":\"EntryPoint\",\"urlTemplate\":\"https:\\\/\\\/orcq.be\\\/marottes\\\/?s={search_term_string}\"},\"query-input\":{\"@type\":\"PropertyValueSpecification\",\"valueRequired\":true,\"valueName\":\"search_term_string\"}}],\"inLanguage\":\"fr-FR\"},{\"@type\":\"Person\",\"@id\":\"https:\\\/\\\/orcq.be\\\/marottes\\\/#\\\/schema\\\/person\\\/a66525310a785b1a42c041623e02cd08\",\"name\":\"bernarddemaire\",\"image\":{\"@type\":\"ImageObject\",\"inLanguage\":\"fr-FR\",\"@id\":\"https:\\\/\\\/secure.gravatar.com\\\/avatar\\\/eccef77a93ea27018b07a899bf9cd0bb2ddc6987af5ba0df2a43c8bf33a2feae?s=96&d=mm&r=g\",\"url\":\"https:\\\/\\\/secure.gravatar.com\\\/avatar\\\/eccef77a93ea27018b07a899bf9cd0bb2ddc6987af5ba0df2a43c8bf33a2feae?s=96&d=mm&r=g\",\"contentUrl\":\"https:\\\/\\\/secure.gravatar.com\\\/avatar\\\/eccef77a93ea27018b07a899bf9cd0bb2ddc6987af5ba0df2a43c8bf33a2feae?s=96&d=mm&r=g\",\"caption\":\"bernarddemaire\"},\"url\":\"https:\\\/\\\/orcq.be\\\/marottes\\\/author\\\/bernarddemaire\\\/\"}]}<\/script>\n<!-- \/ Yoast SEO plugin. -->","yoast_head_json":{"title":"oiseaux de jardin-Une cascade providentielle chez Bernard Demaire - Marottes des Orcquois","robots":{"index":"index","follow":"follow","max-snippet":"max-snippet:-1","max-image-preview":"max-image-preview:large","max-video-preview":"max-video-preview:-1"},"canonical":"https:\/\/orcq.be\/marottes\/2021\/06\/30\/une-cascade-providentielle-oiseaux-de-jardin-a-orcq\/","og_locale":"fr_FR","og_type":"article","og_title":"oiseaux de jardin-Une cascade providentielle chez Bernard Demaire - Marottes des Orcquois","og_description":"L\u2019\u00e9mission bien connue de la RTBF \u00ab Le jardin extraordinaire \u00bb s\u2019est adapt\u00e9e aux r\u00e8gles du confinement en projetant de courtes s\u00e9quences r\u00e9alis\u00e9es par les t\u00e9l\u00e9spectateurs dans leur jardin. Reprenant cette id\u00e9e, j\u2019ai braqu\u00e9 mon appareil photo au mois de mai 2020 sur la cascade install\u00e9e dans mon jardin depuis plus de trente ans.","og_url":"https:\/\/orcq.be\/marottes\/2021\/06\/30\/une-cascade-providentielle-oiseaux-de-jardin-a-orcq\/","og_site_name":"Marottes des Orcquois","article_published_time":"2021-06-30T16:46:15+00:00","article_modified_time":"2021-07-06T16:23:03+00:00","og_image":[{"width":1024,"height":768,"url":"https:\/\/orcq.be\/marottes\/wp-content\/uploads\/sites\/3\/2020\/09\/10053-GOBE-MOUCHE-COMP.jpg","type":"image\/jpeg"}],"author":"bernarddemaire","twitter_card":"summary_large_image","twitter_misc":{"\u00c9crit par":"bernarddemaire","Dur\u00e9e de lecture estim\u00e9e":"7 minutes"},"schema":{"@context":"https:\/\/schema.org","@graph":[{"@type":"Article","@id":"https:\/\/orcq.be\/marottes\/2021\/06\/30\/une-cascade-providentielle-oiseaux-de-jardin-a-orcq\/#article","isPartOf":{"@id":"https:\/\/orcq.be\/marottes\/2021\/06\/30\/une-cascade-providentielle-oiseaux-de-jardin-a-orcq\/"},"author":{"name":"bernarddemaire","@id":"https:\/\/orcq.be\/marottes\/#\/schema\/person\/a66525310a785b1a42c041623e02cd08"},"headline":"oiseaux de jardin-Une cascade providentielle chez Bernard Demaire","datePublished":"2021-06-30T16:46:15+00:00","dateModified":"2021-07-06T16:23:03+00:00","mainEntityOfPage":{"@id":"https:\/\/orcq.be\/marottes\/2021\/06\/30\/une-cascade-providentielle-oiseaux-de-jardin-a-orcq\/"},"wordCount":552,"image":{"@id":"https:\/\/orcq.be\/marottes\/2021\/06\/30\/une-cascade-providentielle-oiseaux-de-jardin-a-orcq\/#primaryimage"},"thumbnailUrl":"https:\/\/orcq.be\/marottes\/wp-content\/uploads\/sites\/3\/2020\/09\/10053-GOBE-MOUCHE-COMP.jpg","articleSection":["Nature"],"inLanguage":"fr-FR"},{"@type":"WebPage","@id":"https:\/\/orcq.be\/marottes\/2021\/06\/30\/une-cascade-providentielle-oiseaux-de-jardin-a-orcq\/","url":"https:\/\/orcq.be\/marottes\/2021\/06\/30\/une-cascade-providentielle-oiseaux-de-jardin-a-orcq\/","name":"oiseaux de jardin-Une cascade providentielle chez Bernard Demaire - Marottes des Orcquois","isPartOf":{"@id":"https:\/\/orcq.be\/marottes\/#website"},"primaryImageOfPage":{"@id":"https:\/\/orcq.be\/marottes\/2021\/06\/30\/une-cascade-providentielle-oiseaux-de-jardin-a-orcq\/#primaryimage"},"image":{"@id":"https:\/\/orcq.be\/marottes\/2021\/06\/30\/une-cascade-providentielle-oiseaux-de-jardin-a-orcq\/#primaryimage"},"thumbnailUrl":"https:\/\/orcq.be\/marottes\/wp-content\/uploads\/sites\/3\/2020\/09\/10053-GOBE-MOUCHE-COMP.jpg","datePublished":"2021-06-30T16:46:15+00:00","dateModified":"2021-07-06T16:23:03+00:00","author":{"@id":"https:\/\/orcq.be\/marottes\/#\/schema\/person\/a66525310a785b1a42c041623e02cd08"},"breadcrumb":{"@id":"https:\/\/orcq.be\/marottes\/2021\/06\/30\/une-cascade-providentielle-oiseaux-de-jardin-a-orcq\/#breadcrumb"},"inLanguage":"fr-FR","potentialAction":[{"@type":"ReadAction","target":["https:\/\/orcq.be\/marottes\/2021\/06\/30\/une-cascade-providentielle-oiseaux-de-jardin-a-orcq\/"]}]},{"@type":"ImageObject","inLanguage":"fr-FR","@id":"https:\/\/orcq.be\/marottes\/2021\/06\/30\/une-cascade-providentielle-oiseaux-de-jardin-a-orcq\/#primaryimage","url":"https:\/\/orcq.be\/marottes\/wp-content\/uploads\/sites\/3\/2020\/09\/10053-GOBE-MOUCHE-COMP.jpg","contentUrl":"https:\/\/orcq.be\/marottes\/wp-content\/uploads\/sites\/3\/2020\/09\/10053-GOBE-MOUCHE-COMP.jpg","width":1024,"height":768},{"@type":"BreadcrumbList","@id":"https:\/\/orcq.be\/marottes\/2021\/06\/30\/une-cascade-providentielle-oiseaux-de-jardin-a-orcq\/#breadcrumb","itemListElement":[{"@type":"ListItem","position":1,"name":"Accueil","item":"https:\/\/orcq.be\/marottes\/"},{"@type":"ListItem","position":2,"name":"oiseaux de jardin-Une cascade providentielle chez Bernard Demaire"}]},{"@type":"WebSite","@id":"https:\/\/orcq.be\/marottes\/#website","url":"https:\/\/orcq.be\/marottes\/","name":"Marottes des Orcquois","description":"Partagez votre passion","potentialAction":[{"@type":"SearchAction","target":{"@type":"EntryPoint","urlTemplate":"https:\/\/orcq.be\/marottes\/?s={search_term_string}"},"query-input":{"@type":"PropertyValueSpecification","valueRequired":true,"valueName":"search_term_string"}}],"inLanguage":"fr-FR"},{"@type":"Person","@id":"https:\/\/orcq.be\/marottes\/#\/schema\/person\/a66525310a785b1a42c041623e02cd08","name":"bernarddemaire","image":{"@type":"ImageObject","inLanguage":"fr-FR","@id":"https:\/\/secure.gravatar.com\/avatar\/eccef77a93ea27018b07a899bf9cd0bb2ddc6987af5ba0df2a43c8bf33a2feae?s=96&d=mm&r=g","url":"https:\/\/secure.gravatar.com\/avatar\/eccef77a93ea27018b07a899bf9cd0bb2ddc6987af5ba0df2a43c8bf33a2feae?s=96&d=mm&r=g","contentUrl":"https:\/\/secure.gravatar.com\/avatar\/eccef77a93ea27018b07a899bf9cd0bb2ddc6987af5ba0df2a43c8bf33a2feae?s=96&d=mm&r=g","caption":"bernarddemaire"},"url":"https:\/\/orcq.be\/marottes\/author\/bernarddemaire\/"}]}},"_links":{"self":[{"href":"https:\/\/orcq.be\/marottes\/wp-json\/wp\/v2\/posts\/16","targetHints":{"allow":["GET"]}}],"collection":[{"href":"https:\/\/orcq.be\/marottes\/wp-json\/wp\/v2\/posts"}],"about":[{"href":"https:\/\/orcq.be\/marottes\/wp-json\/wp\/v2\/types\/post"}],"author":[{"embeddable":true,"href":"https:\/\/orcq.be\/marottes\/wp-json\/wp\/v2\/users\/4"}],"replies":[{"embeddable":true,"href":"https:\/\/orcq.be\/marottes\/wp-json\/wp\/v2\/comments?post=16"}],"version-history":[{"count":18,"href":"https:\/\/orcq.be\/marottes\/wp-json\/wp\/v2\/posts\/16\/revisions"}],"predecessor-version":[{"id":197,"href":"https:\/\/orcq.be\/marottes\/wp-json\/wp\/v2\/posts\/16\/revisions\/197"}],"wp:featuredmedia":[{"embeddable":true,"href":"https:\/\/orcq.be\/marottes\/wp-json\/wp\/v2\/media\/40"}],"wp:attachment":[{"href":"https:\/\/orcq.be\/marottes\/wp-json\/wp\/v2\/media?parent=16"}],"wp:term":[{"taxonomy":"category","embeddable":true,"href":"https:\/\/orcq.be\/marottes\/wp-json\/wp\/v2\/categories?post=16"},{"taxonomy":"post_tag","embeddable":true,"href":"https:\/\/orcq.be\/marottes\/wp-json\/wp\/v2\/tags?post=16"}],"curies":[{"name":"wp","href":"https:\/\/api.w.org\/{rel}","templated":true}]}}